{"id":45438,"date":"2023-05-17T08:14:54","date_gmt":"2023-05-17T11:14:54","guid":{"rendered":"http:\/\/www.sincomam.org.br\/?p=45438"},"modified":"2023-05-17T08:14:54","modified_gmt":"2023-05-17T11:14:54","slug":"presidente-da-petrobras-afirma-que-reducao-do-preco-do-qav-nao-e-a-unica-solucao-para-a-crise-das-companhias-aereas-no-brasil","status":"publish","type":"post","link":"https:\/\/www.sincomam.org.br\/index.php\/presidente-da-petrobras-afirma-que-reducao-do-preco-do-qav-nao-e-a-unica-solucao-para-a-crise-das-companhias-aereas-no-brasil\/","title":{"rendered":"Presidente da Petrobras afirma que redu\u00e7\u00e3o do pre\u00e7o do QAV n\u00e3o \u00e9 a \u00fanica solu\u00e7\u00e3o para a crise das companhias a\u00e9reas no Brasil"},"content":{"rendered":"<p>E, diante deste cen\u00e1rio, o presidente da Petrobras, Jean Paul Prates, afirmou em uma entrevista para a CNN Brazil que a redu\u00e7\u00e3o do pre\u00e7o do querosene de avia\u00e7\u00e3o (QAV) n\u00e3o \u00e9 a \u00fanica solu\u00e7\u00e3o para o problema, que vai muito al\u00e9m disso.<\/p>\n<p>De acordo com Prates, a quest\u00e3o do transporte a\u00e9reo envolve diversos fatores estruturais, e n\u00e3o apenas o pre\u00e7o do combust\u00edvel. Embora reconhe\u00e7a que o QAV seja um dos componentes importantes no pre\u00e7o das passagens, ele ressalta que \u00e9 necess\u00e1rio enfrentar todos os gargalos do setor para tornar as passagens a\u00e9reas mais acess\u00edveis \u00e0 popula\u00e7\u00e3o.<\/p>\n<p>O presidente da Petrobras afirma que, como senador, solicitou ao Conselho Administrativo de Defesa Econ\u00f4mica (Cade) que investigasse as empresas a\u00e9reas, que s\u00e3o apenas tr\u00eas no Pa\u00eds e apresentam hor\u00e1rios e pre\u00e7os muito semelhantes.<\/p>\n<p>Prates ainda destacou que a redu\u00e7\u00e3o de pre\u00e7os anunciada pela Petrobras no dia 16 de novembro n\u00e3o incluiu o querosene de avia\u00e7\u00e3o. A gasolina teve uma queda de R$0,40 o litro, enquanto o diesel teve uma redu\u00e7\u00e3o de R$0,44 o litro e o g\u00e1s de cozinha de R$0,69 por quilo.<\/p>\n<p>No Brasil, o pre\u00e7o do querosene de avia\u00e7\u00e3o tem um reajuste todo primeiro dia do m\u00eas e \u00e9 um dos principais custos das empresas a\u00e9reas, correspondendo a cerca de 30% dos gastos totais. Com a redu\u00e7\u00e3o do QAV, as empresas a\u00e9reas poderiam diminuir os pre\u00e7os das passagens, mas, segundo Prates, \u00e9 necess\u00e1rio enfrentar as quest\u00f5es estruturais do setor para mudar a realidade do transporte a\u00e9reo no pa\u00eds.<\/p>\n<p>Em um cen\u00e1rio em que o setor a\u00e9reo enfrenta uma crise sem precedentes devido \u00e0 pandemia da Covid-19, muitas pessoas t\u00eam evitado viajar de avi\u00e3o e as empresas a\u00e9reas tamb\u00e9m enfrentam dificuldades financeiras. Nesse sentido, a redu\u00e7\u00e3o do pre\u00e7o das passagens a\u00e9reas poderia ser uma medida importante para incentivar as pessoas a voltarem a voar e para estimular a economia do setor.<\/p>\n<p>Portanto, embora a redu\u00e7\u00e3o do pre\u00e7o do querosene de avia\u00e7\u00e3o possa ajudar a diminuir o custo das passagens a\u00e9reas, \u00e9 necess\u00e1rio enfrentar as quest\u00f5es estruturais do setor, como a concorr\u00eancia limitada entre as empresas a\u00e9reas, para tornar as passagens mais acess\u00edveis aos consumidores brasileiros. No entanto, tanto a redu\u00e7\u00e3o do pre\u00e7o do QAV quanto a investiga\u00e7\u00e3o da falta de concorr\u00eancia no setor a\u00e9reo podem ser importantes passos rumo a uma solu\u00e7\u00e3o para o problema.<\/p>\n<p>Fonte: Click Petr\u00f3leo e G\u00e1s<\/p>\n","protected":false},"excerpt":{"rendered":"<p>E, diante deste cen\u00e1rio, o presidente da Petrobras, Jean Paul Prates, afirmou em uma entrevista para a CNN Brazil que a redu\u00e7\u00e3o do pre\u00e7o do&#8230;<\/p>\n","protected":false},"author":1527,"featured_media":45439,"comment_status":"closed","ping_status":"closed","sticky":false,"template":"","format":"standard","meta":{"footnotes":""},"categories":[6],"tags":[],"class_list":["post-45438","post","type-post","status-publish","format-standard","has-post-thumbnail","hentry","category-noticias"],"_links":{"self":[{"href":"https:\/\/www.sincomam.org.br\/index.php\/wp-json\/wp\/v2\/posts\/45438","targetHints":{"allow":["GET"]}}],"collection":[{"href":"https:\/\/www.sincomam.org.br\/index.php\/wp-json\/wp\/v2\/posts"}],"about":[{"href":"https:\/\/www.sincomam.org.br\/index.php\/wp-json\/wp\/v2\/types\/post"}],"author":[{"embeddable":true,"href":"https:\/\/www.sincomam.org.br\/index.php\/wp-json\/wp\/v2\/users\/1527"}],"replies":[{"embeddable":true,"href":"https:\/\/www.sincomam.org.br\/index.php\/wp-json\/wp\/v2\/comments?post=45438"}],"version-history":[{"count":1,"href":"https:\/\/www.sincomam.org.br\/index.php\/wp-json\/wp\/v2\/posts\/45438\/revisions"}],"predecessor-version":[{"id":45440,"href":"https:\/\/www.sincomam.org.br\/index.php\/wp-json\/wp\/v2\/posts\/45438\/revisions\/45440"}],"wp:featuredmedia":[{"embeddable":true,"href":"https:\/\/www.sincomam.org.br\/index.php\/wp-json\/wp\/v2\/media\/45439"}],"wp:attachment":[{"href":"https:\/\/www.sincomam.org.br\/index.php\/wp-json\/wp\/v2\/media?parent=45438"}],"wp:term":[{"taxonomy":"category","embeddable":true,"href":"https:\/\/www.sincomam.org.br\/index.php\/wp-json\/wp\/v2\/categories?post=45438"},{"taxonomy":"post_tag","embeddable":true,"href":"https:\/\/www.sincomam.org.br\/index.php\/wp-json\/wp\/v2\/tags?post=45438"}],"curies":[{"name":"wp","href":"https:\/\/api.w.org\/{rel}","templated":true}]}}