{"id":45419,"date":"2023-05-16T08:25:52","date_gmt":"2023-05-16T11:25:52","guid":{"rendered":"http:\/\/www.sincomam.org.br\/?p=45419"},"modified":"2023-05-16T08:25:52","modified_gmt":"2023-05-16T11:25:52","slug":"anvisa-concede-registro-de-vacina-nacional-contra-4-tipos-de-meningite","status":"publish","type":"post","link":"https:\/\/www.sincomam.org.br\/index.php\/anvisa-concede-registro-de-vacina-nacional-contra-4-tipos-de-meningite\/","title":{"rendered":"Anvisa concede registro de vacina nacional contra 4 tipos de meningite"},"content":{"rendered":"<p>A Ag\u00eancia Nacional de Vigil\u00e2ncia Sanit\u00e1ria (Anvisa) concedeu registro para produ\u00e7\u00e3o nacional da vacina meningoc\u00f3cica ACWY conjugada, que protege contra quatro tipos de meningite.<\/p>\n<p>O imunizante poder\u00e1 ser produzido pela Funda\u00e7\u00e3o Oswaldo Cruz (Fiocruz) e pela Funda\u00e7\u00e3o Ezequiel Dias (Funed), em parceria com a farmac\u00eautica GlaxoSmithKline (GSK), detentora da tecnologia.<\/p>\n<p>O presidente da Fiocruz, Mario Moreira, destacou que o registro \u00e9 mais um passo na busca pela autossufici\u00eancia nacional, por meio da redu\u00e7\u00e3o da depend\u00eancia de insumos internacionais e da incorpora\u00e7\u00e3o de tecnologias estrat\u00e9gicas para o pa\u00eds. O acordo prev\u00ea a transfer\u00eancia de tecnologia, rotulagem e embalagem dos imunizantes pela Fiocruz e Funed e produ\u00e7\u00e3o do ingrediente farmac\u00eautico ativo (IFA), por meio do Instituto de Tecnologia em Imunobiol\u00f3gicos (Bio-Manguinhos), ligado \u00e0 Fiocruz.<\/p>\n<p>O Programa Nacional de Imuniza\u00e7\u00f5es (PNI) recomenda o esquema de duas doses da vacina meningoc\u00f3cica C conjugada aos tr\u00eas e cinco meses de idade, e um refor\u00e7o administrado aos 12 meses.<\/p>\n<p>A vacina meningoc\u00f3cica ACWY conjugada \u00e9 recomendada para adolescentes na faixa et\u00e1ria de 11 e 12 anos de idade em dose \u00fanica. Recentemente, o Minist\u00e9rio da Sa\u00fade ampliou a indica\u00e7\u00e3o para adolescentes de 13 e 14 anos de idade, visando reduzir o n\u00famero de portadores da bact\u00e9ria em nasofaringe.<\/p>\n<p>Em todo o mundo, estima-se que ocorram mais de um milh\u00e3o de casos de meningites bacterianas a cada ano. Caso n\u00e3o haja tratamento, a taxa de mortalidade pode chegar a at\u00e9 70%. Entre os anos de 2009 e 2021, foram confirmados no Brasil 219.342 casos de meningite bacteriana causada pelo meningococo.<\/p>\n<p>Fonte: Ag\u00eancia Brasil<\/p>\n","protected":false},"excerpt":{"rendered":"<p>A Ag\u00eancia Nacional de Vigil\u00e2ncia Sanit\u00e1ria (Anvisa) concedeu registro para produ\u00e7\u00e3o nacional da vacina meningoc\u00f3cica ACWY conjugada, que protege contra quatro tipos de meningite. O&#8230;<\/p>\n","protected":false},"author":1527,"featured_media":45420,"comment_status":"closed","ping_status":"closed","sticky":false,"template":"","format":"standard","meta":{"footnotes":""},"categories":[6],"tags":[],"class_list":["post-45419","post","type-post","status-publish","format-standard","has-post-thumbnail","hentry","category-noticias"],"_links":{"self":[{"href":"https:\/\/www.sincomam.org.br\/index.php\/wp-json\/wp\/v2\/posts\/45419","targetHints":{"allow":["GET"]}}],"collection":[{"href":"https:\/\/www.sincomam.org.br\/index.php\/wp-json\/wp\/v2\/posts"}],"about":[{"href":"https:\/\/www.sincomam.org.br\/index.php\/wp-json\/wp\/v2\/types\/post"}],"author":[{"embeddable":true,"href":"https:\/\/www.sincomam.org.br\/index.php\/wp-json\/wp\/v2\/users\/1527"}],"replies":[{"embeddable":true,"href":"https:\/\/www.sincomam.org.br\/index.php\/wp-json\/wp\/v2\/comments?post=45419"}],"version-history":[{"count":1,"href":"https:\/\/www.sincomam.org.br\/index.php\/wp-json\/wp\/v2\/posts\/45419\/revisions"}],"predecessor-version":[{"id":45421,"href":"https:\/\/www.sincomam.org.br\/index.php\/wp-json\/wp\/v2\/posts\/45419\/revisions\/45421"}],"wp:featuredmedia":[{"embeddable":true,"href":"https:\/\/www.sincomam.org.br\/index.php\/wp-json\/wp\/v2\/media\/45420"}],"wp:attachment":[{"href":"https:\/\/www.sincomam.org.br\/index.php\/wp-json\/wp\/v2\/media?parent=45419"}],"wp:term":[{"taxonomy":"category","embeddable":true,"href":"https:\/\/www.sincomam.org.br\/index.php\/wp-json\/wp\/v2\/categories?post=45419"},{"taxonomy":"post_tag","embeddable":true,"href":"https:\/\/www.sincomam.org.br\/index.php\/wp-json\/wp\/v2\/tags?post=45419"}],"curies":[{"name":"wp","href":"https:\/\/api.w.org\/{rel}","templated":true}]}}