{"id":45395,"date":"2023-05-15T10:40:29","date_gmt":"2023-05-15T13:40:29","guid":{"rendered":"http:\/\/www.sincomam.org.br\/?p=45395"},"modified":"2023-05-15T10:40:29","modified_gmt":"2023-05-15T13:40:29","slug":"gripe-todos-com-mais-de-6-meses-podem-se-vacinar-a-partir-de-hoje","status":"publish","type":"post","link":"https:\/\/www.sincomam.org.br\/index.php\/gripe-todos-com-mais-de-6-meses-podem-se-vacinar-a-partir-de-hoje\/","title":{"rendered":"Gripe: todos com mais de 6 meses podem se vacinar a partir de hoje"},"content":{"rendered":"<p>A partir desta segunda-feira (15), toda a popula\u00e7\u00e3o com mais de 6 meses pode tomar a vacina contra a gripe. A amplia\u00e7\u00e3o do p\u00fablico foi anunciada pelo Minist\u00e9rio da Sa\u00fade na \u00faltima sexta-feira (12). O objetivo, segundo a pasta, \u00e9 expandir a cobertura vacinal contra a doen\u00e7a antes do inverno, quando as infec\u00e7\u00f5es respirat\u00f3rias tendem a aumentar.<\/p>\n<p>\u201cA orienta\u00e7\u00e3o atende a pedido de estados e munic\u00edpios, que podem usar as vacinas em estoque e adotar estrat\u00e9gias locais para operacionalizar a imuniza\u00e7\u00e3o, atendendo \u00e0s realidades de cada regi\u00e3o. Mais de 80 milh\u00f5es de doses da vacina trivalente, produzidas pelo Instituto Butantan, foram distribu\u00eddas para todo o pa\u00eds. A meta \u00e9 vacinar 90% da popula\u00e7\u00e3o\u201d, destacou o minist\u00e9rio, por meio de nota.<\/p>\n<p>A vacina estava sendo aplicada apenas em idosos acima de 60 anos; crian\u00e7as com idade a partir de 6 meses a menores de 6 anos; gestantes, pu\u00e9rperas (at\u00e9 45 dias ap\u00f3s o parto); imunossuprimidos; ind\u00edgenas; profissionais da sa\u00fade e da educa\u00e7\u00e3o; pessoas com defici\u00eancia permanente ou com comorbidades; profissionais de transporte coletivo e portu\u00e1rios; trabalhadores das for\u00e7as de seguran\u00e7a e salvamento; trabalhadores das for\u00e7as armadas e do sistema prisional; e popula\u00e7\u00e3o privada de liberdade.<\/p>\n<p>A pasta refor\u00e7ou que a imuniza\u00e7\u00e3o \u00e9 fundamental porque reduz a carga da doen\u00e7a, sobretudo em pessoas com problemas de sa\u00fade e idosos, prevenindo hospitaliza\u00e7\u00f5es e mortes, al\u00e9m de diminuir a sobrecarga nos servi\u00e7os de sa\u00fade. At\u00e9 o fim de abril, pelo menos 253 mortes por gripe foram confirmadas no pa\u00eds.<\/p>\n<p><strong>Emerg\u00eancia<\/strong><br \/>\nUm aumento de mais de 108%, entre janeiro e maio deste ano, nas interna\u00e7\u00f5es de crian\u00e7as com s\u00edndromes gripais fez com que o governo do Amap\u00e1 decretasse emerg\u00eancia em sa\u00fade p\u00fablica no \u00faltimo s\u00e1bado (13).<\/p>\n<p>A superlota\u00e7\u00e3o no Hospital da Crian\u00e7a e do Adolescente, na capital Macap\u00e1, fez com que at\u00e9 salas administrativas fossem transformadas em espa\u00e7os para 32 novos leitos cl\u00ednicos. O hospital tamb\u00e9m ampliou o n\u00famero de vagas na Unidade de Terapia Intensiva (UTI) pedi\u00e1trica, de 20 para 24.<\/p>\n<p>Dados da Secretaria de Sa\u00fade do Amap\u00e1 indicam que, at\u00e9 o fim da semana passada, a rede hospitalar p\u00fablica e privada registrou mais de 190 casos de interna\u00e7\u00e3o s\u00edndrome gripal, sendo 109 no Hospital da Crian\u00e7a e do Adolescente e no Pronto Atendimento Infantil. A maioria dos pacientes tem idade entre 7 meses e 4 anos. Do total de pacientes internados, 29 estavam entubados.<\/p>\n<p>Fonte: Ag\u00eancia Brasil<\/p>\n","protected":false},"excerpt":{"rendered":"<p>A partir desta segunda-feira (15), toda a popula\u00e7\u00e3o com mais de 6 meses pode tomar a vacina contra a gripe. A amplia\u00e7\u00e3o do p\u00fablico foi&#8230;<\/p>\n","protected":false},"author":1527,"featured_media":45396,"comment_status":"closed","ping_status":"closed","sticky":false,"template":"","format":"standard","meta":{"footnotes":""},"categories":[6],"tags":[],"class_list":["post-45395","post","type-post","status-publish","format-standard","has-post-thumbnail","hentry","category-noticias"],"_links":{"self":[{"href":"https:\/\/www.sincomam.org.br\/index.php\/wp-json\/wp\/v2\/posts\/45395","targetHints":{"allow":["GET"]}}],"collection":[{"href":"https:\/\/www.sincomam.org.br\/index.php\/wp-json\/wp\/v2\/posts"}],"about":[{"href":"https:\/\/www.sincomam.org.br\/index.php\/wp-json\/wp\/v2\/types\/post"}],"author":[{"embeddable":true,"href":"https:\/\/www.sincomam.org.br\/index.php\/wp-json\/wp\/v2\/users\/1527"}],"replies":[{"embeddable":true,"href":"https:\/\/www.sincomam.org.br\/index.php\/wp-json\/wp\/v2\/comments?post=45395"}],"version-history":[{"count":1,"href":"https:\/\/www.sincomam.org.br\/index.php\/wp-json\/wp\/v2\/posts\/45395\/revisions"}],"predecessor-version":[{"id":45397,"href":"https:\/\/www.sincomam.org.br\/index.php\/wp-json\/wp\/v2\/posts\/45395\/revisions\/45397"}],"wp:featuredmedia":[{"embeddable":true,"href":"https:\/\/www.sincomam.org.br\/index.php\/wp-json\/wp\/v2\/media\/45396"}],"wp:attachment":[{"href":"https:\/\/www.sincomam.org.br\/index.php\/wp-json\/wp\/v2\/media?parent=45395"}],"wp:term":[{"taxonomy":"category","embeddable":true,"href":"https:\/\/www.sincomam.org.br\/index.php\/wp-json\/wp\/v2\/categories?post=45395"},{"taxonomy":"post_tag","embeddable":true,"href":"https:\/\/www.sincomam.org.br\/index.php\/wp-json\/wp\/v2\/tags?post=45395"}],"curies":[{"name":"wp","href":"https:\/\/api.w.org\/{rel}","templated":true}]}}