{"id":45392,"date":"2023-05-15T10:38:06","date_gmt":"2023-05-15T13:38:06","guid":{"rendered":"http:\/\/www.sincomam.org.br\/?p=45392"},"modified":"2023-05-15T10:38:06","modified_gmt":"2023-05-15T13:38:06","slug":"antaq-autoriza-desincorporacao-de-equipamentos-de-movimentacao-em-aratu-e-itaguai","status":"publish","type":"post","link":"https:\/\/www.sincomam.org.br\/index.php\/antaq-autoriza-desincorporacao-de-equipamentos-de-movimentacao-em-aratu-e-itaguai\/","title":{"rendered":"ANTAQ AUTORIZA DESINCORPORA\u00c7\u00c3O DE EQUIPAMENTOS DE MOVIMENTA\u00c7\u00c3O EM ARATU E ITAGUA\u00cd"},"content":{"rendered":"<p>A Ag\u00eancia Nacional de Transportes Aquavi\u00e1rios (Antaq) autorizou, no prazo m\u00e1ximo de seis meses, a desincorpora\u00e7\u00e3o, baixa e posterior inutiliza\u00e7\u00e3o dos bens pertencentes \u00e0 Uni\u00e3o, localizados no Porto de Aratu (BA), sob guarda e responsabilidade da arrendat\u00e1ria \u2018ATU 18 Arrendat\u00e1ria Portu\u00e1ria SPE S.A.\u2019.De acordo com o ac\u00f3rd\u00e3o, os equipamentos consistem em um sistema composto por tr\u00eas correias transportadoras e duas casas de transfer\u00eancias que promovem a liga\u00e7\u00e3o entre os trechos das correias.<\/p>\n<p>O pedido foi formulado pela Companhia das Docas do Estado da Bahia(Codeba). O diretor-geral da Antaq, Eduardo Nery, determinou que a autoridade portu\u00e1ria envie o termo de inutiliza\u00e7\u00e3o dos bens \u00e0 unidade regional no prazo de 30 dias ap\u00f3s a conclus\u00e3o da opera\u00e7\u00e3o, conforme o modelo estabelecido pela ag\u00eancia. Nery tamb\u00e9m determinou \u00e0 Superintend\u00eancia de Fiscaliza\u00e7\u00e3o e Coordena\u00e7\u00e3o das Unidades Regionais (SFC) que realize o acompanhamento dos desdobramentos da decis\u00e3o.<\/p>\n<p>Em outro processo, a Antaq concedeu prazo de dois anos para que a Portos Rio realize a desincorpora\u00e7\u00e3o f\u00edsica, baixa e aliena\u00e7\u00e3o do descarregador de navios (DN4), pertencente \u00e0 Uni\u00e3o, que est\u00e1 localizado no Porto de Itagua\u00ed. A autoridade portu\u00e1ria tamb\u00e9m ter\u00e1 um m\u00eas para comprovar a conclus\u00e3o da desmobiliza\u00e7\u00e3o do equipamento junto \u00e0 unidade local.<\/p>\n<p>Os ac\u00f3rd\u00e3os foram firmados durante a \u00faltima reuni\u00e3o virtual da diretoria colegiada, realizada entre os dias 2 e 4 de maio e publicados nesta quinta-feira (10), no Di\u00e1rio Oficial da Uni\u00e3o.<\/p>\n<p>Fonte: Revista Portos e Navios<\/p>\n","protected":false},"excerpt":{"rendered":"<p>A Ag\u00eancia Nacional de Transportes Aquavi\u00e1rios (Antaq) autorizou, no prazo m\u00e1ximo de seis meses, a desincorpora\u00e7\u00e3o, baixa e posterior inutiliza\u00e7\u00e3o dos bens pertencentes \u00e0 Uni\u00e3o,&#8230;<\/p>\n","protected":false},"author":1527,"featured_media":45393,"comment_status":"closed","ping_status":"closed","sticky":false,"template":"","format":"standard","meta":{"footnotes":""},"categories":[6],"tags":[],"class_list":["post-45392","post","type-post","status-publish","format-standard","has-post-thumbnail","hentry","category-noticias"],"_links":{"self":[{"href":"https:\/\/www.sincomam.org.br\/index.php\/wp-json\/wp\/v2\/posts\/45392","targetHints":{"allow":["GET"]}}],"collection":[{"href":"https:\/\/www.sincomam.org.br\/index.php\/wp-json\/wp\/v2\/posts"}],"about":[{"href":"https:\/\/www.sincomam.org.br\/index.php\/wp-json\/wp\/v2\/types\/post"}],"author":[{"embeddable":true,"href":"https:\/\/www.sincomam.org.br\/index.php\/wp-json\/wp\/v2\/users\/1527"}],"replies":[{"embeddable":true,"href":"https:\/\/www.sincomam.org.br\/index.php\/wp-json\/wp\/v2\/comments?post=45392"}],"version-history":[{"count":1,"href":"https:\/\/www.sincomam.org.br\/index.php\/wp-json\/wp\/v2\/posts\/45392\/revisions"}],"predecessor-version":[{"id":45394,"href":"https:\/\/www.sincomam.org.br\/index.php\/wp-json\/wp\/v2\/posts\/45392\/revisions\/45394"}],"wp:featuredmedia":[{"embeddable":true,"href":"https:\/\/www.sincomam.org.br\/index.php\/wp-json\/wp\/v2\/media\/45393"}],"wp:attachment":[{"href":"https:\/\/www.sincomam.org.br\/index.php\/wp-json\/wp\/v2\/media?parent=45392"}],"wp:term":[{"taxonomy":"category","embeddable":true,"href":"https:\/\/www.sincomam.org.br\/index.php\/wp-json\/wp\/v2\/categories?post=45392"},{"taxonomy":"post_tag","embeddable":true,"href":"https:\/\/www.sincomam.org.br\/index.php\/wp-json\/wp\/v2\/tags?post=45392"}],"curies":[{"name":"wp","href":"https:\/\/api.w.org\/{rel}","templated":true}]}}