{"id":45386,"date":"2023-05-15T10:25:24","date_gmt":"2023-05-15T13:25:24","guid":{"rendered":"http:\/\/www.sincomam.org.br\/?p=45386"},"modified":"2023-05-15T10:25:24","modified_gmt":"2023-05-15T13:25:24","slug":"marinha-do-brasil-intercepta-pesca-ilegal-de-lagostas-na-costa-do-amapa","status":"publish","type":"post","link":"https:\/\/www.sincomam.org.br\/index.php\/marinha-do-brasil-intercepta-pesca-ilegal-de-lagostas-na-costa-do-amapa\/","title":{"rendered":"Marinha do Brasil intercepta pesca ilegal de lagostas na costa do Amap\u00e1"},"content":{"rendered":"<p>A Marinha do Brasil realizou uma importante a\u00e7\u00e3o contra a pesca ilegal na costa do Amap\u00e1. No dia 10 de maio, uma embarca\u00e7\u00e3o que praticava pesca ilegal de lagostas foi interceptada a 270 milhas n\u00e1uticas (500 quil\u00f4metros) de Macap\u00e1 (AP). A opera\u00e7\u00e3o resultou na apreens\u00e3o de cerca de uma tonelada de lagostas da esp\u00e9cie vermelha, 3 mil metros de redes e 25 pares de boias de pesca. O Navio-Patrulha (NPa) \u201cGuaruj\u00e1\u201d conduziu a embarca\u00e7\u00e3o at\u00e9 o cais da Capitania dos Portos do Amap\u00e1, em Santana (AP), ap\u00f3s dois dias de deslocamento.<\/p>\n<p>Viola\u00e7\u00f5es e Apreens\u00f5es<br \/>\nA embarca\u00e7\u00e3o pesqueira, registrada no porto de Camocim, no Cear\u00e1, foi surpreendida utilizando equipamentos de pesca n\u00e3o permitidos. Agravando a situa\u00e7\u00e3o, nenhum dos sete tripulantes possu\u00eda habilita\u00e7\u00e3o para conduzir o barco. A carga apreendida foi doada ao Projeto Mesa Brasil Sesc, uma iniciativa que contribui para a seguran\u00e7a alimentar de pessoas em situa\u00e7\u00e3o de vulnerabilidade social.<\/p>\n<p>Opera\u00e7\u00e3o PatNav Norte<br \/>\nO NPa \u201cGuaruj\u00e1\u201d participa da opera\u00e7\u00e3o \u201cPatNav Norte\u201d, realizada nos litorais do Par\u00e1 e Amap\u00e1, em parceria com o Instituto Brasileiro do Meio Ambiente e dos Recursos Naturais Renov\u00e1veis (Ibama). O objetivo dessa opera\u00e7\u00e3o \u00e9 fiscalizar o cumprimento de leis e regulamentos nas \u00e1guas jurisdicionais brasileiras, garantindo a seguran\u00e7a do tr\u00e1fego aquavi\u00e1rio e a preserva\u00e7\u00e3o do meio ambiente.<\/p>\n<p>Fonte: Defesa em Foco<\/p>\n","protected":false},"excerpt":{"rendered":"<p>A Marinha do Brasil realizou uma importante a\u00e7\u00e3o contra a pesca ilegal na costa do Amap\u00e1. No dia 10 de maio, uma embarca\u00e7\u00e3o que praticava&#8230;<\/p>\n","protected":false},"author":1527,"featured_media":45387,"comment_status":"closed","ping_status":"closed","sticky":false,"template":"","format":"standard","meta":{"footnotes":""},"categories":[6],"tags":[],"class_list":["post-45386","post","type-post","status-publish","format-standard","has-post-thumbnail","hentry","category-noticias"],"_links":{"self":[{"href":"https:\/\/www.sincomam.org.br\/index.php\/wp-json\/wp\/v2\/posts\/45386","targetHints":{"allow":["GET"]}}],"collection":[{"href":"https:\/\/www.sincomam.org.br\/index.php\/wp-json\/wp\/v2\/posts"}],"about":[{"href":"https:\/\/www.sincomam.org.br\/index.php\/wp-json\/wp\/v2\/types\/post"}],"author":[{"embeddable":true,"href":"https:\/\/www.sincomam.org.br\/index.php\/wp-json\/wp\/v2\/users\/1527"}],"replies":[{"embeddable":true,"href":"https:\/\/www.sincomam.org.br\/index.php\/wp-json\/wp\/v2\/comments?post=45386"}],"version-history":[{"count":1,"href":"https:\/\/www.sincomam.org.br\/index.php\/wp-json\/wp\/v2\/posts\/45386\/revisions"}],"predecessor-version":[{"id":45388,"href":"https:\/\/www.sincomam.org.br\/index.php\/wp-json\/wp\/v2\/posts\/45386\/revisions\/45388"}],"wp:featuredmedia":[{"embeddable":true,"href":"https:\/\/www.sincomam.org.br\/index.php\/wp-json\/wp\/v2\/media\/45387"}],"wp:attachment":[{"href":"https:\/\/www.sincomam.org.br\/index.php\/wp-json\/wp\/v2\/media?parent=45386"}],"wp:term":[{"taxonomy":"category","embeddable":true,"href":"https:\/\/www.sincomam.org.br\/index.php\/wp-json\/wp\/v2\/categories?post=45386"},{"taxonomy":"post_tag","embeddable":true,"href":"https:\/\/www.sincomam.org.br\/index.php\/wp-json\/wp\/v2\/tags?post=45386"}],"curies":[{"name":"wp","href":"https:\/\/api.w.org\/{rel}","templated":true}]}}