{"id":45374,"date":"2023-05-12T11:08:52","date_gmt":"2023-05-12T14:08:52","guid":{"rendered":"http:\/\/www.sincomam.org.br\/?p=45374"},"modified":"2023-05-12T11:08:52","modified_gmt":"2023-05-12T14:08:52","slug":"marco-registra-segunda-maior-movimentacao-da-historia-portuaria-para-o-mes","status":"publish","type":"post","link":"https:\/\/www.sincomam.org.br\/index.php\/marco-registra-segunda-maior-movimentacao-da-historia-portuaria-para-o-mes\/","title":{"rendered":"Mar\u00e7o registra segunda maior movimenta\u00e7\u00e3o da hist\u00f3ria portu\u00e1ria para o m\u00eas"},"content":{"rendered":"<p>O setor portu\u00e1rio movimentou 104,5 milh\u00f5es de toneladas no m\u00eas de mar\u00e7o, registrando um crescimento de 8,26% em compara\u00e7\u00e3o ao mesmo per\u00edodo do ano anterior. Os dados s\u00e3o do Anu\u00e1rio Estat\u00edstico Portu\u00e1rio da Ag\u00eancia Nacional de Transportes Aquavi\u00e1rios (ANTAQ). Essa \u00e9 a segunda maior movimenta\u00e7\u00e3o comparada entre os meses de mar\u00e7o desde 2010, quando a autarquia deu in\u00edcio ao registro de movimenta\u00e7\u00e3o nos portos do pa\u00eds.<\/p>\n<p>A movimenta\u00e7\u00e3o de mar\u00e7o ficou somente 0.025% abaixo do ano de 2021, quando o setor portu\u00e1rio teve o seu recorde de movimenta\u00e7\u00e3o: 107,16 milh\u00f5es de toneladas transportadas. Para se ter uma ideia, o m\u00eas foi respons\u00e1vel por fazer com que o trimestre fechasse positivamente em compara\u00e7\u00e3o a 2022.<\/p>\n<p>O crescimento no per\u00edodo foi puxado pela movimenta\u00e7\u00e3o mineral que movimentou 34,84 milh\u00f5es de toneladas, representando um crescimento de 10,5% quando comparado ao mesmo per\u00edodo do ano anterior. S\u00f3 de min\u00e9rio de ferro, o setor portu\u00e1rio movimentou 28,55 milh\u00f5es de toneladas (crescimento de 12,52% em rela\u00e7\u00e3o a mar\u00e7o de 2022).<\/p>\n<p>A movimenta\u00e7\u00e3o agr\u00edcola tamb\u00e9m \u00e9 destaque positivo com 29,2 milh\u00f5es de toneladas movimentadas em mar\u00e7o (alta de 11,45% em compara\u00e7\u00e3o ao mesmo per\u00edodo do ano anterior). A soja foi o grande destaque agr\u00edcola do per\u00edodo com 18,5 milh\u00f5es de toneladas movimentadas (crescimento de 14,8% em compara\u00e7\u00e3o ao mesmo m\u00eas do ano passado).<\/p>\n<p><b>Terminais Privados<\/b><\/p>\n<p>Os Terminais de Uso Privado (TUPs) registraram 66,62 milh\u00f5es de toneladas movimentadas em mar\u00e7o de 2023. O n\u00famero representa um aumento de 12,4% em compara\u00e7\u00e3o ao mesmo per\u00edodo do ano anterior.<\/p>\n<p>O destaque positivo dos portos privados foi o Terminal de Tubar\u00e3o com 6,75 milh\u00f5es de toneladas (aumento de 40,6% em compara\u00e7\u00e3o a mar\u00e7o do ano passado). Tamb\u00e9m vale destacar que o Terminal Ponta da Madeira, respons\u00e1vel 31,6% do escoamento de min\u00e9rio de ferro no m\u00eas, registrou movimenta\u00e7\u00e3o de 11 milh\u00f5es de toneladas, o que representa uma varia\u00e7\u00e3o positiva de 6,14%.<\/p>\n<p>Terminal de Petr\u00f3leo Tpet\/Toil, localizado no Porto do A\u00e7u no Rio de Janeiro e Terminal Porto Sudeste do Brasil S\/A (RJ) tamb\u00e9m registraram movimenta\u00e7\u00e3o expressivas de 2,7 milh\u00f5es de toneladas (+40,4%) e 1,88 milh\u00f5es de toneladas (+37,8%), respectivamente.<\/p>\n<p><b>Portos P\u00fablicos\u00a0\u00a0<\/b><\/p>\n<p>J\u00e1 os portos organizados registraram movimenta\u00e7\u00e3o de 37,83 milh\u00f5es de toneladas durante o m\u00eas de mar\u00e7o, o que representa uma movimenta\u00e7\u00e3o positiva de 1,7% em compara\u00e7\u00e3o ao ano anterior.<\/p>\n<p>O grande destaque positivo dos portos p\u00fablicos durante este per\u00edodo foi o Porto de Itaqui (MA), que registrou 3,11 milh\u00f5es de toneladas (aumento de 22,38% quando comparado a mar\u00e7o de 2022). Porto de S\u00e3o Francisco do Sul (SC) e Rio Grande (RS) completam o p\u00f3dio com movimenta\u00e7\u00f5es de 1,35 milh\u00f5es de toneladas (+21,4%) e 2,35 milh\u00f5es de toneladas (+14,7%), respectivamente.<\/p>\n<p><b>Painel Estat\u00edstico<\/b><\/p>\n<p>O Painel Estat\u00edstico da ANTAQ pode ser acessado via smartphones e tablets, dispon\u00edvel no site da Ag\u00eancia. Na consulta eletr\u00f4nica podem ser checados dados de transporte de longo curso, cabotagem, vias interiores, al\u00e9m da movimenta\u00e7\u00e3o portu\u00e1ria de cont\u00eaineres.<\/p>\n<p>Fonte: Antaq<\/p>\n","protected":false},"excerpt":{"rendered":"<p>O setor portu\u00e1rio movimentou 104,5 milh\u00f5es de toneladas no m\u00eas de mar\u00e7o, registrando um crescimento de 8,26% em compara\u00e7\u00e3o ao mesmo per\u00edodo do ano anterior&#8230;.<\/p>\n","protected":false},"author":1527,"featured_media":45375,"comment_status":"closed","ping_status":"closed","sticky":false,"template":"","format":"standard","meta":{"footnotes":""},"categories":[6],"tags":[],"class_list":["post-45374","post","type-post","status-publish","format-standard","has-post-thumbnail","hentry","category-noticias"],"_links":{"self":[{"href":"https:\/\/www.sincomam.org.br\/index.php\/wp-json\/wp\/v2\/posts\/45374","targetHints":{"allow":["GET"]}}],"collection":[{"href":"https:\/\/www.sincomam.org.br\/index.php\/wp-json\/wp\/v2\/posts"}],"about":[{"href":"https:\/\/www.sincomam.org.br\/index.php\/wp-json\/wp\/v2\/types\/post"}],"author":[{"embeddable":true,"href":"https:\/\/www.sincomam.org.br\/index.php\/wp-json\/wp\/v2\/users\/1527"}],"replies":[{"embeddable":true,"href":"https:\/\/www.sincomam.org.br\/index.php\/wp-json\/wp\/v2\/comments?post=45374"}],"version-history":[{"count":1,"href":"https:\/\/www.sincomam.org.br\/index.php\/wp-json\/wp\/v2\/posts\/45374\/revisions"}],"predecessor-version":[{"id":45376,"href":"https:\/\/www.sincomam.org.br\/index.php\/wp-json\/wp\/v2\/posts\/45374\/revisions\/45376"}],"wp:featuredmedia":[{"embeddable":true,"href":"https:\/\/www.sincomam.org.br\/index.php\/wp-json\/wp\/v2\/media\/45375"}],"wp:attachment":[{"href":"https:\/\/www.sincomam.org.br\/index.php\/wp-json\/wp\/v2\/media?parent=45374"}],"wp:term":[{"taxonomy":"category","embeddable":true,"href":"https:\/\/www.sincomam.org.br\/index.php\/wp-json\/wp\/v2\/categories?post=45374"},{"taxonomy":"post_tag","embeddable":true,"href":"https:\/\/www.sincomam.org.br\/index.php\/wp-json\/wp\/v2\/tags?post=45374"}],"curies":[{"name":"wp","href":"https:\/\/api.w.org\/{rel}","templated":true}]}}