{"id":45349,"date":"2023-05-11T09:56:01","date_gmt":"2023-05-11T12:56:01","guid":{"rendered":"http:\/\/www.sincomam.org.br\/?p=45349"},"modified":"2023-05-11T09:54:43","modified_gmt":"2023-05-11T12:54:43","slug":"petrobras-desmobiliza-sonda-da-ocyan","status":"publish","type":"post","link":"https:\/\/www.sincomam.org.br\/index.php\/petrobras-desmobiliza-sonda-da-ocyan\/","title":{"rendered":"PETROBRAS DESMOBILIZA SONDA DA OCYAN"},"content":{"rendered":"<p>A\u00a0Petrobras\u00a0informou, \u00e0\u00a0Antaq\u00a0na \u00faltima quarta-feira (3), que desmobilizar\u00e1 a sonda ODN I, da Ocyan. Conforme o of\u00edcio enviado, a partir de filmagens do casco da sonda, feitas em 2017, e da emiss\u00e3o e envio de laudo ao Ibama, em 2018, a petroleira analisou e confirmou a presen\u00e7a de coral-sol na unidade. Al\u00e9m disso, comunicou que o contrato de afretamento e servi\u00e7os com a ODN I terminou no dia 21 de abril.<\/p>\n<p>Segundo o site do Ibama, o coral-sol \u00e9 uma esp\u00e9cie invasora, que est\u00e1 distribu\u00edda pela zona costeira brasileira, aparecendo tanto em ambientes naturais como artificiais (p\u00ederes, boias e plataformas de petr\u00f3leo). As plataformas e estruturas do setor de explora\u00e7\u00e3o de petr\u00f3leo, bem como os cascos dos navios, s\u00e3o consideradas como os principais condutores que introduzem esse coral.<\/p>\n<p>Uma das preocupa\u00e7\u00f5es do \u00f3rg\u00e3o ambiental \u00e9 como o coral-sol pode afetar o habitat dos corais nativos e outras esp\u00e9cies nativas, al\u00e9m de facilitar a invas\u00e3o de outras duas esp\u00e9cies ex\u00f3ticas, tamb\u00e9m consideradas como invasoras pelo Minist\u00e9rio do Meio Ambiente (MMA).<\/p>\n<p>Em dezembro de 2022, a Petrobras afretou a sonda ODN I, junto de outras seis sondas. A classifica\u00e7\u00e3o e a contrata\u00e7\u00e3o das sete unidades foi\u00a0antecipada pelo\u00a0<em>Petr\u00f3leoHoje<\/em>\u00a0em outubro do mesmo ano, sendo que esta unidade fez parte do lote 2 de contrata\u00e7\u00e3o, que era voltado a unidades DP de alta especifica\u00e7\u00e3o para 2,4 mil m.<\/p>\n<p>Fonte: Revista Brasil Energia<\/p>\n","protected":false},"excerpt":{"rendered":"<p>A\u00a0Petrobras\u00a0informou, \u00e0\u00a0Antaq\u00a0na \u00faltima quarta-feira (3), que desmobilizar\u00e1 a sonda ODN I, da Ocyan. Conforme o of\u00edcio enviado, a partir de filmagens do casco da sonda,&#8230;<\/p>\n","protected":false},"author":1527,"featured_media":45350,"comment_status":"closed","ping_status":"closed","sticky":false,"template":"","format":"standard","meta":{"footnotes":""},"categories":[6],"tags":[],"class_list":["post-45349","post","type-post","status-publish","format-standard","has-post-thumbnail","hentry","category-noticias"],"_links":{"self":[{"href":"https:\/\/www.sincomam.org.br\/index.php\/wp-json\/wp\/v2\/posts\/45349","targetHints":{"allow":["GET"]}}],"collection":[{"href":"https:\/\/www.sincomam.org.br\/index.php\/wp-json\/wp\/v2\/posts"}],"about":[{"href":"https:\/\/www.sincomam.org.br\/index.php\/wp-json\/wp\/v2\/types\/post"}],"author":[{"embeddable":true,"href":"https:\/\/www.sincomam.org.br\/index.php\/wp-json\/wp\/v2\/users\/1527"}],"replies":[{"embeddable":true,"href":"https:\/\/www.sincomam.org.br\/index.php\/wp-json\/wp\/v2\/comments?post=45349"}],"version-history":[{"count":1,"href":"https:\/\/www.sincomam.org.br\/index.php\/wp-json\/wp\/v2\/posts\/45349\/revisions"}],"predecessor-version":[{"id":45351,"href":"https:\/\/www.sincomam.org.br\/index.php\/wp-json\/wp\/v2\/posts\/45349\/revisions\/45351"}],"wp:featuredmedia":[{"embeddable":true,"href":"https:\/\/www.sincomam.org.br\/index.php\/wp-json\/wp\/v2\/media\/45350"}],"wp:attachment":[{"href":"https:\/\/www.sincomam.org.br\/index.php\/wp-json\/wp\/v2\/media?parent=45349"}],"wp:term":[{"taxonomy":"category","embeddable":true,"href":"https:\/\/www.sincomam.org.br\/index.php\/wp-json\/wp\/v2\/categories?post=45349"},{"taxonomy":"post_tag","embeddable":true,"href":"https:\/\/www.sincomam.org.br\/index.php\/wp-json\/wp\/v2\/tags?post=45349"}],"curies":[{"name":"wp","href":"https:\/\/api.w.org\/{rel}","templated":true}]}}