{"id":45319,"date":"2023-05-10T13:45:43","date_gmt":"2023-05-10T16:45:43","guid":{"rendered":"http:\/\/www.sincomam.org.br\/?p=45319"},"modified":"2023-05-10T13:42:24","modified_gmt":"2023-05-10T16:42:24","slug":"submarino-portugues-atraca-pela-primeira-vez-no-brasil","status":"publish","type":"post","link":"https:\/\/www.sincomam.org.br\/index.php\/submarino-portugues-atraca-pela-primeira-vez-no-brasil\/","title":{"rendered":"Submarino portugu\u00eas atraca pela primeira vez no Brasil"},"content":{"rendered":"<p class=\"rtejustify\">Neste domingo, a Base Almirante Castro e Silva (BACS), localizada no Complexo Naval de Mocangu\u00ea, em Niter\u00f3i (RJ), recebeu, pela primeira vez, um submarino portugu\u00eas, o NRP Arp\u00e3o, depois de 110 anos de exist\u00eancia da For\u00e7a de Submarinos da Armada Portuguesa. Segundo submarino da classe <em>Tridente<\/em>, o NRP Arp\u00e3o \u00e9 o\u00a0\u00a0 primeiro submarino portugu\u00eas a atracar no Brasil e a cruzar a Linha do Equador.<\/p>\n<p class=\"rtejustify\">Em sua chegada ao Rio de Janeiro, o NRP Arp\u00e3o foi recebido por chefes navais brasileiros. Na ocasi\u00e3o, estiveram presentes membros da comitiva visitante e representantes diplom\u00e1ticos da Rep\u00fablica de Portugal no Brasil.<\/p>\n<p class=\"rtejustify\">Com uma tripula\u00e7\u00e3o de 35 militares, dentre eles, tr\u00eas mulheres, o submarino percorreu cerca de 2800 milhas n\u00e1uticas, ao longo de 20 dias, tendo patrulhado o Atl\u00e2ntico durante o tr\u00e2nsito, at\u00e9 o Rio de Janeiro. Desde que suspendeu da Base Naval de Lisboa, o Brasil \u00e9 a segunda parada. Antes disso, o submarino passou por uma parada log\u00edstica em Cabo Verde. A iniciativa Mar Aberto pressup\u00f5e o estabelecimento de contatos bilaterais e de rela\u00e7\u00f5es diplom\u00e1ticas entre Portugal e outros pa\u00edses, bem como a vigil\u00e2ncia de espa\u00e7os mar\u00edtimos de interesse daquele pa\u00eds.<\/p>\n<p class=\"rtejustify\">Antes de sair para o seu pr\u00f3ximo destino, o submarino ficar\u00e1 atracado na BACS, entre os dias 7 e 12 de maio, e realizar\u00e1 um exerc\u00edcio com o submarino da Esquadra brasileira \u201cTikuna\u201d. \u201cA iniciativa ser\u00e1 de grande ganho operativo, tanto para o Brasil quanto para Portugal, e representa mais uma oportunidade de promo\u00e7\u00e3o da interoperabilidade entre as duas Marinhas, elevando o n\u00edvel de prontid\u00e3o, capacita\u00e7\u00e3o e combate, bem como o estreitamento dos la\u00e7os de amizade entre os dois pa\u00edses\u201d, ressaltou o Comandante em Chefe da Esquadra (da Marinha do Brasil), Vice-Almirante Edgar Luiz Siqueira Barbosa.<\/p>\n<p class=\"rtejustify\">Fonte: Ag\u00eancia Marinha de Not\u00edcias<\/p>\n","protected":false},"excerpt":{"rendered":"<p>Neste domingo, a Base Almirante Castro e Silva (BACS), localizada no Complexo Naval de Mocangu\u00ea, em Niter\u00f3i (RJ), recebeu, pela primeira vez, um submarino portugu\u00eas,&#8230;<\/p>\n","protected":false},"author":1527,"featured_media":45320,"comment_status":"closed","ping_status":"closed","sticky":false,"template":"","format":"standard","meta":{"footnotes":""},"categories":[6],"tags":[],"class_list":["post-45319","post","type-post","status-publish","format-standard","has-post-thumbnail","hentry","category-noticias"],"_links":{"self":[{"href":"https:\/\/www.sincomam.org.br\/index.php\/wp-json\/wp\/v2\/posts\/45319","targetHints":{"allow":["GET"]}}],"collection":[{"href":"https:\/\/www.sincomam.org.br\/index.php\/wp-json\/wp\/v2\/posts"}],"about":[{"href":"https:\/\/www.sincomam.org.br\/index.php\/wp-json\/wp\/v2\/types\/post"}],"author":[{"embeddable":true,"href":"https:\/\/www.sincomam.org.br\/index.php\/wp-json\/wp\/v2\/users\/1527"}],"replies":[{"embeddable":true,"href":"https:\/\/www.sincomam.org.br\/index.php\/wp-json\/wp\/v2\/comments?post=45319"}],"version-history":[{"count":3,"href":"https:\/\/www.sincomam.org.br\/index.php\/wp-json\/wp\/v2\/posts\/45319\/revisions"}],"predecessor-version":[{"id":45328,"href":"https:\/\/www.sincomam.org.br\/index.php\/wp-json\/wp\/v2\/posts\/45319\/revisions\/45328"}],"wp:featuredmedia":[{"embeddable":true,"href":"https:\/\/www.sincomam.org.br\/index.php\/wp-json\/wp\/v2\/media\/45320"}],"wp:attachment":[{"href":"https:\/\/www.sincomam.org.br\/index.php\/wp-json\/wp\/v2\/media?parent=45319"}],"wp:term":[{"taxonomy":"category","embeddable":true,"href":"https:\/\/www.sincomam.org.br\/index.php\/wp-json\/wp\/v2\/categories?post=45319"},{"taxonomy":"post_tag","embeddable":true,"href":"https:\/\/www.sincomam.org.br\/index.php\/wp-json\/wp\/v2\/tags?post=45319"}],"curies":[{"name":"wp","href":"https:\/\/api.w.org\/{rel}","templated":true}]}}