{"id":45313,"date":"2023-05-10T13:49:43","date_gmt":"2023-05-10T16:49:43","guid":{"rendered":"http:\/\/www.sincomam.org.br\/?p=45313"},"modified":"2023-05-10T13:47:11","modified_gmt":"2023-05-10T16:47:11","slug":"portos-do-parana-muda-normas-de-circulacao-de-tripulantes-de-embarcacoes-no-cais","status":"publish","type":"post","link":"https:\/\/www.sincomam.org.br\/index.php\/portos-do-parana-muda-normas-de-circulacao-de-tripulantes-de-embarcacoes-no-cais\/","title":{"rendered":"PORTOS DO PARAN\u00c1 MUDA NORMAS DE CIRCULA\u00c7\u00c3O DE TRIPULANTES DE EMBARCA\u00c7\u00d5ES NO CAIS"},"content":{"rendered":"<p>Os tripulantes de embarca\u00e7\u00f5es que acessarem o Porto de Paranagu\u00e1 devem seguir novas normas de seguran\u00e7a. As mudan\u00e7as t\u00eam o objetivo de proteger os trabalhadores que atuam embarcados e seguem os mesmos padr\u00f5es j\u00e1 existentes para os trabalhadores do cais: uso dos equipamentos de prote\u00e7\u00e3o individual (EPI) e circula\u00e7\u00e3o exclusiva pelas faixas destinadas aos pedestres.<\/p>\n<p>Em casos de troca de tripula\u00e7\u00e3o, embarque ou desembarque, fica vetada a circula\u00e7\u00e3o com bagagens pelos pedestres. O deslocamento, com estes volumes, deve ser feito com ve\u00edculo adequado e devidamente autorizado, do navio at\u00e9 o Port\u00e3o 2, no pr\u00e9dio Dom Pedro II, ou vice-versa.<\/p>\n<p>Para os pedestres sem bagagem \u00e9 necess\u00e1rio caminhar pelas faixas de circula\u00e7\u00e3o pintadas em azul, ao longo de todo o cais.<\/p>\n<p>Segundo o gerente de Sa\u00fade e Seguran\u00e7a no Trabalho da Portos do Paran\u00e1, Jos\u00e9 Sbravatti, a autoridade portu\u00e1ria conta com o apoio das ag\u00eancias mar\u00edtimas e com a compreens\u00e3o das tripula\u00e7\u00f5es. \u201c\u00c9 responsabilidade das ag\u00eancias informar os requisitos aos respons\u00e1veis pelos navios, antes de sua efetiva atraca\u00e7\u00e3o. E \u00e9 dever do capit\u00e3o de cada embarca\u00e7\u00e3o providenciar os equipamentos de prote\u00e7\u00e3o necess\u00e1rios para a circula\u00e7\u00e3o dos trabalhadores\u201d, afirma.<\/p>\n<p>Para armazenar os capacetes, coletes de alta visibilidade e cal\u00e7ados fechados, foram disponibilizados arm\u00e1rios no andar t\u00e9rreo do pr\u00e9dio de acesso ao cais. O uso \u00e9 gratuito e mediante a solicita\u00e7\u00e3o para a equipe da Guarda Portu\u00e1ria.<\/p>\n<p>A partir deste m\u00eas, o descumprimento das obrigatoriedades vai gerar o bloqueio dos crach\u00e1s de acesso, de toda a tripula\u00e7\u00e3o, por tempo indeterminado, at\u00e9 que o representante da ag\u00eancia mar\u00edtima respons\u00e1vel pela embarca\u00e7\u00e3o siga as orienta\u00e7\u00f5es e corre\u00e7\u00f5es necess\u00e1rias.<\/p>\n<p>IN\u00cdCIO \u2013 Em abril, as ag\u00eancias mar\u00edtimas ajustaram suas rotinas de comunica\u00e7\u00e3o junto aos navios. O per\u00edodo de teste foi alinhado entre a Portos do Paran\u00e1 e o Sindicato das Ag\u00eancias de Navega\u00e7\u00e3o Mar\u00edtima do Paran\u00e1 (Sindapar).<\/p>\n<p>Foram promovidos 28 eventos de fiscaliza\u00e7\u00e3o, envolvendo 20 embarca\u00e7\u00f5es e 11 ag\u00eancias mar\u00edtimas, totalizando em 112 desvios relacionados \u00e0 falta de EPIs por tripulantes no Porto de Paranagu\u00e1.<\/p>\n<ul>\n<li>Portos do Paran\u00e1 muda normas de circula\u00e7\u00e3o de tripulantes de embarca\u00e7\u00f5es no cais<br \/>\nFoto: Claudio Neves\/Portos do Paran\u00e1<\/li>\n<\/ul>\n<p>Fonte: Informativo dos Portos<\/p>\n","protected":false},"excerpt":{"rendered":"<p>Os tripulantes de embarca\u00e7\u00f5es que acessarem o Porto de Paranagu\u00e1 devem seguir novas normas de seguran\u00e7a. As mudan\u00e7as t\u00eam o objetivo de proteger os trabalhadores&#8230;<\/p>\n","protected":false},"author":1527,"featured_media":45314,"comment_status":"closed","ping_status":"closed","sticky":false,"template":"","format":"standard","meta":{"footnotes":""},"categories":[6],"tags":[],"class_list":["post-45313","post","type-post","status-publish","format-standard","has-post-thumbnail","hentry","category-noticias"],"_links":{"self":[{"href":"https:\/\/www.sincomam.org.br\/index.php\/wp-json\/wp\/v2\/posts\/45313","targetHints":{"allow":["GET"]}}],"collection":[{"href":"https:\/\/www.sincomam.org.br\/index.php\/wp-json\/wp\/v2\/posts"}],"about":[{"href":"https:\/\/www.sincomam.org.br\/index.php\/wp-json\/wp\/v2\/types\/post"}],"author":[{"embeddable":true,"href":"https:\/\/www.sincomam.org.br\/index.php\/wp-json\/wp\/v2\/users\/1527"}],"replies":[{"embeddable":true,"href":"https:\/\/www.sincomam.org.br\/index.php\/wp-json\/wp\/v2\/comments?post=45313"}],"version-history":[{"count":1,"href":"https:\/\/www.sincomam.org.br\/index.php\/wp-json\/wp\/v2\/posts\/45313\/revisions"}],"predecessor-version":[{"id":45315,"href":"https:\/\/www.sincomam.org.br\/index.php\/wp-json\/wp\/v2\/posts\/45313\/revisions\/45315"}],"wp:featuredmedia":[{"embeddable":true,"href":"https:\/\/www.sincomam.org.br\/index.php\/wp-json\/wp\/v2\/media\/45314"}],"wp:attachment":[{"href":"https:\/\/www.sincomam.org.br\/index.php\/wp-json\/wp\/v2\/media?parent=45313"}],"wp:term":[{"taxonomy":"category","embeddable":true,"href":"https:\/\/www.sincomam.org.br\/index.php\/wp-json\/wp\/v2\/categories?post=45313"},{"taxonomy":"post_tag","embeddable":true,"href":"https:\/\/www.sincomam.org.br\/index.php\/wp-json\/wp\/v2\/tags?post=45313"}],"curies":[{"name":"wp","href":"https:\/\/api.w.org\/{rel}","templated":true}]}}