{"id":45286,"date":"2023-05-09T11:16:29","date_gmt":"2023-05-09T14:16:29","guid":{"rendered":"http:\/\/www.sincomam.org.br\/?p=45286"},"modified":"2023-05-09T11:16:29","modified_gmt":"2023-05-09T14:16:29","slug":"petrobras-anuncia-inicio-da-producao-na-plataforma-fpso-anna-nery-no-campo-de-marlim-na-bacia-de-campos","status":"publish","type":"post","link":"https:\/\/www.sincomam.org.br\/index.php\/petrobras-anuncia-inicio-da-producao-na-plataforma-fpso-anna-nery-no-campo-de-marlim-na-bacia-de-campos\/","title":{"rendered":"Petrobras anuncia in\u00edcio da produ\u00e7\u00e3o na plataforma FPSO Anna Nery no Campo de Marlim, na Bacia de Campos"},"content":{"rendered":"<p>O presidente da Petrobras, Jean Paul Prates, anunciou a t\u00e3o aguardada produ\u00e7\u00e3o do FPSO Anna Nery no Campo de Marlim, localizado na Bacia de Campos. Ap\u00f3s o in\u00edcio das atividades, a companhia investe na expans\u00e3o da sua campanha de explora\u00e7\u00e3o na regi\u00e3o. Essa \u00e9 mais uma das iniciativas da companhia para o seu\u00a0Plano Estrat\u00e9gico, que visa um investimento de US$ 18 bilh\u00f5es nos pr\u00f3ximos anos.<\/p>\n<p>A Petrobras anunciou a t\u00e3o aguardada produ\u00e7\u00e3o do FPSO Anna Nery, na Bacia de Campos, uma not\u00edcia que promete impulsionar o setor de petr\u00f3leo e g\u00e1s no Brasil.<\/p>\n<p>O Anna Nery \u00e9 uma unidade flutuante de produ\u00e7\u00e3o, armazenamento e transfer\u00eancia de petr\u00f3leo e g\u00e1s, que ficar\u00e1 ancorada na regi\u00e3o da Bacia de Campos, localizada no Rio de Janeiro.<\/p>\n<p>Com capacidade para produzir 70 mil barris de petr\u00f3leo por dia e comprimir at\u00e9 4 milh\u00f5es de metros c\u00fabicos de g\u00e1s natural diariamente, o Anna Nery \u00e9 considerado um dos mais avan\u00e7ados FPSOs da Petrobras, equipado com tecnologias de ponta para maximizar a efici\u00eancia operacional e reduzir os impactos ambientais.<\/p>\n<div id=\"quads-ad2\" class=\"quads-location quads-ad2\">\n<div id=\"denakop-ad-square-1\">\n<div id=\"denakop-single-square-f30086e4-8dcb-4624-8eb8-b941f4239717\" data-container-id=\"denakop-ad-square-1\" data-google-query-id=\"COuak7W16P4CFT5MuAQdewUAZQ\">\n<div id=\"google_ads_iframe_\/21715141650,83101302\/clickpetroleoegas.com.br\/desktop_square_0__container__\">O in\u00edcio da produ\u00e7\u00e3o da plataforma no Campo de Marlim foi anunciado pelo atual presidente da estatal, Jean Paul Prates.<\/div>\n<\/div>\n<\/div>\n<\/div>\n<p>Al\u00e9m disso, a produ\u00e7\u00e3o do FPSO Anna Nery \u00e9 um importante passo para a Petrobras, que tem em vista manter seu papel como uma das principais empresas de petr\u00f3leo e g\u00e1s do mundo, com destaque para a produ\u00e7\u00e3o offshore.<\/p>\n<p>O plano de revitaliza\u00e7\u00e3o do Campo de Marlim \u00e9 um dos principais projetos em andamento pela petroleira estatal.<\/p>\n<p>Agora, com o in\u00edcio da produ\u00e7\u00e3o da plataforma FPSO, a Petrobras poder\u00e1 dar continuidade aos investimentos no empreendimento.<\/p>\n<p>A Petrobras tem atualmente em andamento um plano estrat\u00e9gico de revitaliza\u00e7\u00e3o da Bacia de Campos, que inclui investimentos de US$ 18 bilh\u00f5es nos pr\u00f3ximos anos.<\/p>\n<p>O presidente da empresa, Jean Paul Prates, destacou a import\u00e2ncia do projeto para a empresa e para o setor de petr\u00f3leo e g\u00e1s como um todo.<\/p>\n<p>O FPSO Anna Nery ser\u00e1 a primeira de duas unidades a fazerem parte do Projeto de Revitaliza\u00e7\u00e3o de Marlim e Voador.<\/p>\n<p>A unidade ser\u00e1 ancorada em uma l\u00e2mina d\u2019\u00e1gua de 927 metros e interligada a 32 po\u00e7os. Segundo os dados da empresa, o pico de produ\u00e7\u00e3o est\u00e1 previsto para 2025.<\/p>\n<p>Al\u00e9m disso, o projeto de revitaliza\u00e7\u00e3o contar\u00e1 tamb\u00e9m com o FPSO Anita Garibaldi, que deve entrar em opera\u00e7\u00e3o ainda neste ano.<\/p>\n<p>O campo de Marlim \u00e9 considerado um marco hist\u00f3rico para a Petrobras e para a ind\u00fastria de petr\u00f3leo e g\u00e1s do Brasil.<\/p>\n<p>A revitaliza\u00e7\u00e3o da Bacia de Campos \u00e9 um passo importante para a Petrobras, que visa preservar sua posi\u00e7\u00e3o de destaque na ind\u00fastria.<\/p>\n<p>Assim, a produ\u00e7\u00e3o do FPSO Anna Nery e a implementa\u00e7\u00e3o do Projeto de Revitaliza\u00e7\u00e3o de Marlim e Voador s\u00e3o as principais apostas da Petrobras para o mercado nacional.<\/p>\n<p>A ind\u00fastria de petr\u00f3leo e g\u00e1s \u00e9 um setor importante para a economia do pa\u00eds e a revitaliza\u00e7\u00e3o da Bacia de Campos \u00e9 um passo importante para garantir sua continuidade e sucesso no futuro, como destacou Prates em seu discurso.<\/p>\n<p>Fonte: Click Petr\u00f3leo e G\u00e1s<\/p>\n","protected":false},"excerpt":{"rendered":"<p>O presidente da Petrobras, Jean Paul Prates, anunciou a t\u00e3o aguardada produ\u00e7\u00e3o do FPSO Anna Nery no Campo de Marlim, localizado na Bacia de Campos&#8230;.<\/p>\n","protected":false},"author":1527,"featured_media":45288,"comment_status":"closed","ping_status":"closed","sticky":false,"template":"","format":"standard","meta":{"footnotes":""},"categories":[6],"tags":[],"class_list":["post-45286","post","type-post","status-publish","format-standard","has-post-thumbnail","hentry","category-noticias"],"_links":{"self":[{"href":"https:\/\/www.sincomam.org.br\/index.php\/wp-json\/wp\/v2\/posts\/45286","targetHints":{"allow":["GET"]}}],"collection":[{"href":"https:\/\/www.sincomam.org.br\/index.php\/wp-json\/wp\/v2\/posts"}],"about":[{"href":"https:\/\/www.sincomam.org.br\/index.php\/wp-json\/wp\/v2\/types\/post"}],"author":[{"embeddable":true,"href":"https:\/\/www.sincomam.org.br\/index.php\/wp-json\/wp\/v2\/users\/1527"}],"replies":[{"embeddable":true,"href":"https:\/\/www.sincomam.org.br\/index.php\/wp-json\/wp\/v2\/comments?post=45286"}],"version-history":[{"count":1,"href":"https:\/\/www.sincomam.org.br\/index.php\/wp-json\/wp\/v2\/posts\/45286\/revisions"}],"predecessor-version":[{"id":45289,"href":"https:\/\/www.sincomam.org.br\/index.php\/wp-json\/wp\/v2\/posts\/45286\/revisions\/45289"}],"wp:featuredmedia":[{"embeddable":true,"href":"https:\/\/www.sincomam.org.br\/index.php\/wp-json\/wp\/v2\/media\/45288"}],"wp:attachment":[{"href":"https:\/\/www.sincomam.org.br\/index.php\/wp-json\/wp\/v2\/media?parent=45286"}],"wp:term":[{"taxonomy":"category","embeddable":true,"href":"https:\/\/www.sincomam.org.br\/index.php\/wp-json\/wp\/v2\/categories?post=45286"},{"taxonomy":"post_tag","embeddable":true,"href":"https:\/\/www.sincomam.org.br\/index.php\/wp-json\/wp\/v2\/tags?post=45286"}],"curies":[{"name":"wp","href":"https:\/\/api.w.org\/{rel}","templated":true}]}}