{"id":4525,"date":"2014-03-27T09:14:35","date_gmt":"2014-03-27T12:14:35","guid":{"rendered":"http:\/\/www.sincomam.org.br\/?p=4525"},"modified":"2014-03-27T14:01:30","modified_gmt":"2014-03-27T17:01:30","slug":"marinha-disponibiliza-blindados-para-pm-atuar-no-complexo-da-mare","status":"publish","type":"post","link":"https:\/\/www.sincomam.org.br\/index.php\/marinha-disponibiliza-blindados-para-pm-atuar-no-complexo-da-mare\/","title":{"rendered":"Marinha disponibiliza blindados para PM atuar no Complexo da Mar\u00e9 (RJ)"},"content":{"rendered":"<p><b><i>For\u00e7as Armadas ser\u00e3o enviadas para ajudar pol\u00edcia em patrulha e vistoria<\/i><\/b><\/p>\n<p>O Minist\u00e9rio da Defesa informou por meio de nota que blindados da Marinha est\u00e3o \u00e0 disposi\u00e7\u00e3o da Pol\u00edcia Militar do Rio de Janeiro a partir desta quarta-feira (26) para dar apoio log\u00edstico no Conjunto de Favelas da Mar\u00e9. A autoriza\u00e7\u00e3o foi dada por meio de uma diretriz ministerial assinada pelo ministro da Defesa, Celso Amorim.<\/p>\n<p>O uso dos ve\u00edculos, estacionados no Distrito Naval no Rio, ser\u00e1 empregado antes da ida efetiva das For\u00e7as Armadas para a regi\u00e3o, porque ainda \u00e9 necess\u00e1ria a publica\u00e7\u00e3o de autoriza\u00e7\u00e3o presidencial para isso.<\/p>\n<p>As For\u00e7as Armadas devem ser enviadas \u00e0 regi\u00e3o para atuar na Garantia da Lei e da Ordem (GLO). Nessa condi\u00e7\u00e3o, podem dar condi\u00e7\u00f5es de patrulha, vistoria e pris\u00e3o em flagrante aos policiais. Antes disso a Aeron\u00e1utica j\u00e1 poder\u00e1 atuar em levantamento da \u00e1rea e at\u00e9 mesmo em servi\u00e7o de intelig\u00eancia, informou a nota divulgada pela pasta.<\/p>\n<p>De acordo com a nota, o pedido para a atua\u00e7\u00e3o das For\u00e7as Armadas em GLO j\u00e1 foi e est\u00e1 sendo analisado pelas autoridades. Somente nos pr\u00f3ximos dias ser\u00e1 feito o planejamento e ser\u00e1 decidido o n\u00famero de militares enviados, al\u00e9m dos meios a serem utilizados no Complexo da Mar\u00e9.<\/p>\n<p>A nota informa tamb\u00e9m que, na diretriz ministerial, Celso Amorim determina ao comandante da Marinha, almirante Julio Soares de Moura Neto, o envio de ve\u00edculos blindados para transporte de pessoal e lanchas para apoio log\u00edstico da Secretaria de Estado de Seguran\u00e7a do Rio de Janeiro.<\/p>\n<p>Caber\u00e1 tamb\u00e9m a Moura Neto escolher um oficial para fazer a liga\u00e7\u00e3o entre a Secretaria de Seguran\u00e7a e o chefe do Estado-Maior do Conjunto das For\u00e7as Armadas, general Jos\u00e9 Carlos de Nardi.<\/p>\n<p>Segundo a assessoria, a diretriz foi assinada por Amorim no final da tarde de ter\u00e7a-feira (25).<\/p>\n<p>Os comandantes das outras For\u00e7as, Enzo Martins Peri (Ex\u00e9rcito) e Juniti Saito (Aeron\u00e1utica) foram alertados para estarem em condi\u00e7\u00f5es de alocar recursos log\u00edsticos \u00e0 Marina, caso seja necess\u00e1rio.<\/p>\n<p><b>Ex\u00e9rcito<\/b><\/p>\n<p>Pela manh\u00e3, militares do Ex\u00e9rcito participaram de uma opera\u00e7\u00e3o da PM no Complexo da Mar\u00e9, em Bonsucesso, no Sub\u00farbio do Rio. A presen\u00e7a do Ex\u00e9rcito no local, no entanto, ainda n\u00e3o \u00e9 a ocupa\u00e7\u00e3o definitiva da regi\u00e3o pelas tropas federais.<\/p>\n<p>O Ex\u00e9rcito assumir\u00e1 a ocupa\u00e7\u00e3o do Conjunto de Favelas da Mar\u00e9 por tempo indeterminado. Nesta segunda, o secret\u00e1rio de Seguran\u00e7a do Rio de Janeiro, Jos\u00e9 Mariano Beltrame, disse que em princ\u00edpio, ser\u00e1 somente o Ex\u00e9rcito e descartou a Marinha e a Aeron\u00e1utica. A Pol\u00edcia Federal vai ajudar com o servi\u00e7o de intelig\u00eancia e a Pol\u00edcia Rodovi\u00e1ria Federal vai auxiliar no cerco aos acessos, nos mesmos moldes da ocupa\u00e7\u00e3o do Complexo do Alem\u00e3o, em 2008.<\/p>\n<p>Fonte: G1 \/\u00a0Foto: Marcos de Paula\/AE<\/p>\n","protected":false},"excerpt":{"rendered":"<p>For\u00e7as Armadas ser\u00e3o enviadas para ajudar pol\u00edcia em patrulha e vistoria O Minist\u00e9rio da Defesa informou por meio de nota que blindados da Marinha est\u00e3o&#8230;<\/p>\n","protected":false},"author":1182,"featured_media":4526,"comment_status":"closed","ping_status":"closed","sticky":false,"template":"","format":"standard","meta":{"footnotes":""},"categories":[6],"tags":[836,835,837,15],"class_list":["post-4525","post","type-post","status-publish","format-standard","has-post-thumbnail","hentry","category-noticias","tag-blindados","tag-complexo-da-mare","tag-exercito","tag-marinha"],"_links":{"self":[{"href":"https:\/\/www.sincomam.org.br\/index.php\/wp-json\/wp\/v2\/posts\/4525","targetHints":{"allow":["GET"]}}],"collection":[{"href":"https:\/\/www.sincomam.org.br\/index.php\/wp-json\/wp\/v2\/posts"}],"about":[{"href":"https:\/\/www.sincomam.org.br\/index.php\/wp-json\/wp\/v2\/types\/post"}],"author":[{"embeddable":true,"href":"https:\/\/www.sincomam.org.br\/index.php\/wp-json\/wp\/v2\/users\/1182"}],"replies":[{"embeddable":true,"href":"https:\/\/www.sincomam.org.br\/index.php\/wp-json\/wp\/v2\/comments?post=4525"}],"version-history":[{"count":2,"href":"https:\/\/www.sincomam.org.br\/index.php\/wp-json\/wp\/v2\/posts\/4525\/revisions"}],"predecessor-version":[{"id":4545,"href":"https:\/\/www.sincomam.org.br\/index.php\/wp-json\/wp\/v2\/posts\/4525\/revisions\/4545"}],"wp:featuredmedia":[{"embeddable":true,"href":"https:\/\/www.sincomam.org.br\/index.php\/wp-json\/wp\/v2\/media\/4526"}],"wp:attachment":[{"href":"https:\/\/www.sincomam.org.br\/index.php\/wp-json\/wp\/v2\/media?parent=4525"}],"wp:term":[{"taxonomy":"category","embeddable":true,"href":"https:\/\/www.sincomam.org.br\/index.php\/wp-json\/wp\/v2\/categories?post=4525"},{"taxonomy":"post_tag","embeddable":true,"href":"https:\/\/www.sincomam.org.br\/index.php\/wp-json\/wp\/v2\/tags?post=4525"}],"curies":[{"name":"wp","href":"https:\/\/api.w.org\/{rel}","templated":true}]}}