{"id":4523,"date":"2014-03-27T09:58:36","date_gmt":"2014-03-27T12:58:36","guid":{"rendered":"http:\/\/www.sincomam.org.br\/?p=4523"},"modified":"2014-03-27T09:58:36","modified_gmt":"2014-03-27T12:58:36","slug":"taxa-de-desemprego-se-situa-em-51-em-fevereiro-mostra-ibge","status":"publish","type":"post","link":"https:\/\/www.sincomam.org.br\/index.php\/taxa-de-desemprego-se-situa-em-51-em-fevereiro-mostra-ibge\/","title":{"rendered":"Taxa de desemprego se situa em 5,1% em fevereiro, mostra IBGE"},"content":{"rendered":"<p>A taxa de desemprego subiu em fevereiro para 5,1% da popula\u00e7\u00e3o economicamente ativa (PEA) em seis das principais regi\u00f5es metropolitanas brasileiras, ap\u00f3s marcar 4,8% em janeiro. Os dados constam de pesquisa do Instituto Brasileiro de Geografia e Estat\u00edstica (IBGE).\u00a0<\/p>\n<p>O desemprego registrado no m\u00eas passado \u00e9 o menor para meses de fevereiro desde o in\u00edcio da s\u00e9rie hist\u00f3rica, em 2002.<\/p>\n<p>O indicador de desocupa\u00e7\u00e3o ficou em linha com\u00a0 a m\u00e9dia de 5,1% apurada pelo Valor Data junto a 20 consultorias e institui\u00e7\u00f5es financeiras. O intervalo das proje\u00e7\u00f5es era de 4,9% a 5,3%.<\/p>\n<p>A popula\u00e7\u00e3o desocupada aumentou 6,9% em rela\u00e7\u00e3o a janeiro, para 1,243 milh\u00e3o. No comparativo com fevereiro de 2013, por\u00e9m, houve recuo de 8,3%. No caso do contingente de ocupados, de 23 milh\u00f5es, houve estabilidade ante o primeiro m\u00eas deste ano e em rela\u00e7\u00e3o a fevereiro do calend\u00e1rio anterior<\/p>\n<p>O levantamento do IBGE trouxe ainda que o rendimento m\u00e9dio real habitual ficou em R$ 2.015,60 em fevereiro, o que representou avan\u00e7o de 0,8% sobre janeiro e alta 3,1% na compara\u00e7\u00e3o com fevereiro de 2013.<\/p>\n<p>A pesquisa abrange as regi\u00f5es metropolitanas de Recife, Salvador, Belo Horizonte, Rio de Janeiro, S\u00e3o Paulo e Porto Alegre.<\/p>\n<p>Fonte: Valor &#8211; Diogo Martins<\/p>\n","protected":false},"excerpt":{"rendered":"<p>A taxa de desemprego subiu em fevereiro para 5,1% da popula\u00e7\u00e3o economicamente ativa (PEA) em seis das principais regi\u00f5es metropolitanas brasileiras, ap\u00f3s marcar 4,8% em&#8230;<\/p>\n","protected":false},"author":1182,"featured_media":0,"comment_status":"closed","ping_status":"closed","sticky":false,"template":"","format":"standard","meta":{"footnotes":""},"categories":[6],"tags":[61,833,834],"class_list":["post-4523","post","type-post","status-publish","format-standard","hentry","category-noticias","tag-brasil","tag-desemprego","tag-taxa"],"_links":{"self":[{"href":"https:\/\/www.sincomam.org.br\/index.php\/wp-json\/wp\/v2\/posts\/4523","targetHints":{"allow":["GET"]}}],"collection":[{"href":"https:\/\/www.sincomam.org.br\/index.php\/wp-json\/wp\/v2\/posts"}],"about":[{"href":"https:\/\/www.sincomam.org.br\/index.php\/wp-json\/wp\/v2\/types\/post"}],"author":[{"embeddable":true,"href":"https:\/\/www.sincomam.org.br\/index.php\/wp-json\/wp\/v2\/users\/1182"}],"replies":[{"embeddable":true,"href":"https:\/\/www.sincomam.org.br\/index.php\/wp-json\/wp\/v2\/comments?post=4523"}],"version-history":[{"count":1,"href":"https:\/\/www.sincomam.org.br\/index.php\/wp-json\/wp\/v2\/posts\/4523\/revisions"}],"predecessor-version":[{"id":4524,"href":"https:\/\/www.sincomam.org.br\/index.php\/wp-json\/wp\/v2\/posts\/4523\/revisions\/4524"}],"wp:attachment":[{"href":"https:\/\/www.sincomam.org.br\/index.php\/wp-json\/wp\/v2\/media?parent=4523"}],"wp:term":[{"taxonomy":"category","embeddable":true,"href":"https:\/\/www.sincomam.org.br\/index.php\/wp-json\/wp\/v2\/categories?post=4523"},{"taxonomy":"post_tag","embeddable":true,"href":"https:\/\/www.sincomam.org.br\/index.php\/wp-json\/wp\/v2\/tags?post=4523"}],"curies":[{"name":"wp","href":"https:\/\/api.w.org\/{rel}","templated":true}]}}