{"id":45212,"date":"2023-05-04T08:11:39","date_gmt":"2023-05-04T11:11:39","guid":{"rendered":"http:\/\/www.sincomam.org.br\/?p=45212"},"modified":"2023-05-04T08:11:39","modified_gmt":"2023-05-04T11:11:39","slug":"marinha-resgata-tripulante-indiano-de-navio-mercante-no-para","status":"publish","type":"post","link":"https:\/\/www.sincomam.org.br\/index.php\/marinha-resgata-tripulante-indiano-de-navio-mercante-no-para\/","title":{"rendered":"Marinha resgata tripulante indiano de navio mercante no Par\u00e1"},"content":{"rendered":"<p class=\"rtejustify\">A Marinha do Brasil realizou, por volta de 18h dessa ter\u00e7a-feira (02), nas proximidades do distrito de Mosqueiro (PA), a evacua\u00e7\u00e3o m\u00e9dica de um tripulante indiano, 33 anos, que estava a bordo de um navio mercante de bandeira da Singapura. O Servi\u00e7o de Busca e Salvamento da Marinha, no Norte do Pa\u00eds, foi acionado pelo navio, ap\u00f3s o tripulante inalar um g\u00e1s nocivo e apresentar quadro de choque anafil\u00e1tico.<\/p>\n<p class=\"rtejustify\">O Navio-Patrulha \u201cGuaruj\u00e1\u201d foi enviado ao local, escoltou a embarca\u00e7\u00e3o e resgatou o enfermo, que fez exames cl\u00ednicos, sob os cuidados de uma equipe m\u00e9dica da Marinha, e foi mantido est\u00e1vel at\u00e9 a chegada na Base Naval de Val de C\u00e3es, em Bel\u00e9m (PA), por volta de 21h, de onde foi encaminhado para um hospital na capital paraense.<\/p>\n<p class=\"rtejustify\">&#8220;A Marinha acionou o navio, como parte da sua estrutura de Busca e Salvamento, para realizar a evacua\u00e7\u00e3o do tripulante, que \u00e0quele momento necessitava de atendimento m\u00e9dico de urg\u00eancia. Fizemos o transbordo do paciente, que foi estabilizado por nossa equipe. Pudemos, assim, prestar rapidamente o socorro e encerrar essa a\u00e7\u00e3o que salvou uma vida&#8221;, disse o Comandante do Navio-Patrulha \u201cGuaruj\u00e1\u201d, Capit\u00e3o-Tenente Diego Abreu.<\/p>\n<p class=\"rtejustify\">O Navio-Patrulha \u201cGuaruj\u00e1\u201d \u00e9 o segundo navio a ostentar esse nome na Marinha do Brasil, em homenagem \u00e0 cidade hom\u00f4nima, localizada no litoral de S\u00e3o Paulo. Foi incorporado \u00e0 Marinha do Brasil em 30 de novembro de 1999. O Navio tem 46,5 metros de comprimento, 7,5 metros de boca e 2,3 metros de calado.<\/p>\n<p class=\"rtejustify\">Ele est\u00e1 subordinado ao Comando do 4\u00ba Distrito Naval e integra o Comando do Grupamento de Patrulha Naval do Norte, tendo como \u00e1rea de atua\u00e7\u00e3o o litoral dos estados do Par\u00e1, Maranh\u00e3o, Amap\u00e1, operando a partir da Base Naval de Val de C\u00e3es.<\/p>\n<p class=\"rtecenter\">Fonte: Ag\u00eancia Marinha de Not\u00edcias<\/p>\n","protected":false},"excerpt":{"rendered":"<p>A Marinha do Brasil realizou, por volta de 18h dessa ter\u00e7a-feira (02), nas proximidades do distrito de Mosqueiro (PA), a evacua\u00e7\u00e3o m\u00e9dica de um tripulante&#8230;<\/p>\n","protected":false},"author":1527,"featured_media":45213,"comment_status":"closed","ping_status":"closed","sticky":false,"template":"","format":"standard","meta":{"footnotes":""},"categories":[6],"tags":[],"class_list":["post-45212","post","type-post","status-publish","format-standard","has-post-thumbnail","hentry","category-noticias"],"_links":{"self":[{"href":"https:\/\/www.sincomam.org.br\/index.php\/wp-json\/wp\/v2\/posts\/45212","targetHints":{"allow":["GET"]}}],"collection":[{"href":"https:\/\/www.sincomam.org.br\/index.php\/wp-json\/wp\/v2\/posts"}],"about":[{"href":"https:\/\/www.sincomam.org.br\/index.php\/wp-json\/wp\/v2\/types\/post"}],"author":[{"embeddable":true,"href":"https:\/\/www.sincomam.org.br\/index.php\/wp-json\/wp\/v2\/users\/1527"}],"replies":[{"embeddable":true,"href":"https:\/\/www.sincomam.org.br\/index.php\/wp-json\/wp\/v2\/comments?post=45212"}],"version-history":[{"count":1,"href":"https:\/\/www.sincomam.org.br\/index.php\/wp-json\/wp\/v2\/posts\/45212\/revisions"}],"predecessor-version":[{"id":45214,"href":"https:\/\/www.sincomam.org.br\/index.php\/wp-json\/wp\/v2\/posts\/45212\/revisions\/45214"}],"wp:featuredmedia":[{"embeddable":true,"href":"https:\/\/www.sincomam.org.br\/index.php\/wp-json\/wp\/v2\/media\/45213"}],"wp:attachment":[{"href":"https:\/\/www.sincomam.org.br\/index.php\/wp-json\/wp\/v2\/media?parent=45212"}],"wp:term":[{"taxonomy":"category","embeddable":true,"href":"https:\/\/www.sincomam.org.br\/index.php\/wp-json\/wp\/v2\/categories?post=45212"},{"taxonomy":"post_tag","embeddable":true,"href":"https:\/\/www.sincomam.org.br\/index.php\/wp-json\/wp\/v2\/tags?post=45212"}],"curies":[{"name":"wp","href":"https:\/\/api.w.org\/{rel}","templated":true}]}}