{"id":4521,"date":"2014-03-27T09:00:02","date_gmt":"2014-03-27T12:00:02","guid":{"rendered":"http:\/\/www.sincomam.org.br\/?p=4521"},"modified":"2014-03-27T09:39:13","modified_gmt":"2014-03-27T12:39:13","slug":"autossuficiencia-em-petroleo-volta-em-2015-diz-presidente-da-petrobras","status":"publish","type":"post","link":"https:\/\/www.sincomam.org.br\/index.php\/autossuficiencia-em-petroleo-volta-em-2015-diz-presidente-da-petrobras\/","title":{"rendered":"Autossufici\u00eancia em petr\u00f3leo volta em 2015, diz presidente da Petrobras"},"content":{"rendered":"<p><b><i>O processamento de derivados vai atender \u00e0 demanda em 2020, afirmou<\/i><\/b><\/p>\n<p>A presidente da Petrobras, Gra\u00e7a Foster, anunciou nesta quarta-feira (26) que a estatal poder\u00e1 reconquistar em 2015 sua autossufici\u00eancia em volume de petr\u00f3leo produzido (quando esse volume alcan\u00e7a o de combust\u00edveis consumido) \u2013 anunciada em 2006 e perdida em 2011, segundo dados do Centro Brasileiro de Infraestrutura (CBIE). J\u00e1 a autossufici\u00eancia em processamento de derivados para atender \u00e0 demanda chega em 2020.<\/p>\n<p>A informa\u00e7\u00e3o aponta um adiamento nos planos da estatal. No in\u00edcio de 2013, a Petrobras informava que a autossufici\u00eancia seria alcan\u00e7ada este ano.<\/p>\n<p>A produ\u00e7\u00e3o m\u00e9dia de petr\u00f3leo para o per\u00edodo entre 2013 a 2020 \u00e9 calculada em 2,9 milh\u00f5es de barris por dia (bpd), mas, segundo Gra\u00e7a, em 2020 o pa\u00eds j\u00e1 dever\u00e1 estar produzindo 3,7 milh\u00f5es de bpd. J\u00e1 a demanda m\u00e9dia por derivados no Brasil no mesmo ano \u00e9 estimada em 3,4 milh\u00f5es de bpd.<\/p>\n<p>A capacidade de processamento da Petrobras em 2030 (transforma\u00e7\u00e3o do petr\u00f3leo em gasolina e diesel) est\u00e1 estimada em 3,9 milh\u00f5es de barris por dia, informou a executiva ao apresentar os\u00a0 resultados da companhia em 2013 e o plano estrat\u00e9gico para o per\u00edodo at\u00e9 2030. Em 2013, a m\u00e9dia de produ\u00e7\u00e3o ficou em 1,9 milh\u00e3o, redu\u00e7\u00e3o de 2% em rela\u00e7\u00e3o \u00e0 produ\u00e7\u00e3o de 2012, causada principalmente pelo atraso no in\u00edcio de opera\u00e7\u00f5es de plataformas, de acordo com a presidente da estatal.<\/p>\n<p>&nbsp;<\/p>\n<p>Segundo Gra\u00e7a, em 2013 a companhia alcan\u00e7ou um \u00edndice de sucesso de 75% em suas opera\u00e7\u00f5es em mar, terra, no pr\u00e9 e no p\u00f3s-sal, bem acima da\u00a0 m\u00e9dia mundial, ente 30% a 35%.<\/p>\n<p>&#8220;No pr\u00e9-sal tivemos 100% de sucesso. Todos os po\u00e7os perfurados mostraram acumula\u00e7\u00f5es significativas de hidrocarbonetos&#8221;, afirmou.<\/p>\n<p><strong>Vendas<\/strong><\/p>\n<p>O aumento de venda\u00a0 dos derivados em 2013 foi de 4% e o crescimento da produ\u00e7\u00e3o foi de 6% com o mesmo parque de refino, segundo Gra\u00e7a, devido \u00e0 &#8220;maximiza\u00e7\u00e3o da capacidade de gerenciar o perfil de refino das refinarias, com menor necessidade de importa\u00e7\u00e3o&#8221;.<\/p>\n<p>&#8220;O refino teve maior carga processada, reduzindo o derivado importado&#8221;, disse.<\/p>\n<p>Ela confirmou a entrada em opera\u00e7\u00e3o do primeiro trem da Refinaria Abreu Lima (Renest) em Pernambuco para 2014; o segundo inicia atividade em 2015. J\u00e1 o primeiro trem do Complexo Petroqu\u00edmico do Rio de Janeiro (Comperj) deve operar em novembro de 2015.<\/p>\n<p>Fonte: G1<\/p>\n","protected":false},"excerpt":{"rendered":"<p>O processamento de derivados vai atender \u00e0 demanda em 2020, afirmou A presidente da Petrobras, Gra\u00e7a Foster, anunciou nesta quarta-feira (26) que a estatal poder\u00e1&#8230;<\/p>\n","protected":false},"author":1182,"featured_media":4198,"comment_status":"closed","ping_status":"closed","sticky":false,"template":"","format":"standard","meta":{"footnotes":""},"categories":[6],"tags":[384,58,78,76],"class_list":["post-4521","post","type-post","status-publish","format-standard","has-post-thumbnail","hentry","category-noticias","tag-graca-foster","tag-petrobras","tag-petroleo","tag-producao"],"_links":{"self":[{"href":"https:\/\/www.sincomam.org.br\/index.php\/wp-json\/wp\/v2\/posts\/4521","targetHints":{"allow":["GET"]}}],"collection":[{"href":"https:\/\/www.sincomam.org.br\/index.php\/wp-json\/wp\/v2\/posts"}],"about":[{"href":"https:\/\/www.sincomam.org.br\/index.php\/wp-json\/wp\/v2\/types\/post"}],"author":[{"embeddable":true,"href":"https:\/\/www.sincomam.org.br\/index.php\/wp-json\/wp\/v2\/users\/1182"}],"replies":[{"embeddable":true,"href":"https:\/\/www.sincomam.org.br\/index.php\/wp-json\/wp\/v2\/comments?post=4521"}],"version-history":[{"count":1,"href":"https:\/\/www.sincomam.org.br\/index.php\/wp-json\/wp\/v2\/posts\/4521\/revisions"}],"predecessor-version":[{"id":4522,"href":"https:\/\/www.sincomam.org.br\/index.php\/wp-json\/wp\/v2\/posts\/4521\/revisions\/4522"}],"wp:featuredmedia":[{"embeddable":true,"href":"https:\/\/www.sincomam.org.br\/index.php\/wp-json\/wp\/v2\/media\/4198"}],"wp:attachment":[{"href":"https:\/\/www.sincomam.org.br\/index.php\/wp-json\/wp\/v2\/media?parent=4521"}],"wp:term":[{"taxonomy":"category","embeddable":true,"href":"https:\/\/www.sincomam.org.br\/index.php\/wp-json\/wp\/v2\/categories?post=4521"},{"taxonomy":"post_tag","embeddable":true,"href":"https:\/\/www.sincomam.org.br\/index.php\/wp-json\/wp\/v2\/tags?post=4521"}],"curies":[{"name":"wp","href":"https:\/\/api.w.org\/{rel}","templated":true}]}}