{"id":45209,"date":"2023-05-04T07:35:28","date_gmt":"2023-05-04T10:35:28","guid":{"rendered":"http:\/\/www.sincomam.org.br\/?p=45209"},"modified":"2023-05-04T07:35:28","modified_gmt":"2023-05-04T10:35:28","slug":"porto-de-imbituba-recebe-licenciamento-para-ampliar-o-cais-3","status":"publish","type":"post","link":"https:\/\/www.sincomam.org.br\/index.php\/porto-de-imbituba-recebe-licenciamento-para-ampliar-o-cais-3\/","title":{"rendered":"Porto de Imbituba recebe licenciamento para ampliar o Cais 3"},"content":{"rendered":"<p>A SCPAR Porto de Imbituba recebeu nesta quarta-feira (3) a Licen\u00e7a Ambiental de Instala\u00e7\u00e3o (LAI) para realizar a obra de recupera\u00e7\u00e3o, refor\u00e7o e amplia\u00e7\u00e3o do Cais 3, com aporte previsto de mais de R$ 92 milh\u00f5es, totalmente custeado pela autoridade portu\u00e1ria. A empresa recebeu tamb\u00e9m a LAI, do Instituto do Meio Ambiente (IMA), para dar in\u00edcio \u00e0 obra de constru\u00e7\u00e3o do P\u00eder Tur\u00edstico da cidade de Itapema (SC).<\/p>\n<p>\u201cSanta Catarina \u00e9 o \u00fanico estado do Brasil que tem cinco portos, isso \u00e9 uma p\u00e9rola que n\u00f3s temos que cuidar. O IMA est\u00e1 fazendo a sua parte, fazendo andar todos os pedidos represados. Seja sim ou n\u00e3o, est\u00e3o dando resposta. Criamos secretarias para setores estrat\u00e9gicos justamente por isso. Portos, aeroportos, ferrovias. Temos que inovar em tudo\u201d, ressaltou o governador catarinense Jorginho Mello.<\/p>\n<p>Com previs\u00e3o de entrega em 2025, o refor\u00e7o estrutural do Cais 3 alargar\u00e1 o ber\u00e7o e permitir\u00e1 maior automatiza\u00e7\u00e3o, permitindo a instala\u00e7\u00e3o de novos equipamentos de movimenta\u00e7\u00e3o de cargas, como shiploader. O Cais 3 receber\u00e1, tamb\u00e9m, dois dolfins, um de atraca\u00e7\u00e3o e um de amarra\u00e7\u00e3o, para viabilizar o recebimento de navios maiores, passando do limite atual de 205 metros (LOA) para embarca\u00e7\u00f5es com at\u00e9 300 metros. Ap\u00f3s a obra, o planejamento da SCPAR \u00e9 realizar a dragagem de aprofundamento do local, equiparando a capacidade do Ber\u00e7o 3 a dos Cais 1 e 2, que possuem profundidade de 15 metros.<\/p>\n<p>\u201cEstamos felizes por emitir essa licen\u00e7a ambiental para a execu\u00e7\u00e3o das obras do Cais 3, sabemos que o empreendimento est\u00e1 comprometido com a preserva\u00e7\u00e3o ambiental e vai operar dentro das exig\u00eancias estabelecidas para garantir o desenvolvimento social, econ\u00f4mico e sustent\u00e1vel da regi\u00e3o portu\u00e1rio e, consequentemente, do nosso estado\u201d, destacou a presidente do IMA, Sheila Meirelles.<\/p>\n<p>Lu\u00eds Antonio Braga Martins, diretor-presidente da SCPAR Porto de Imbituba, destacou ser \u201cum dia de muita satisfa\u00e7\u00e3o e realiza\u00e7\u00e3o para o Porto de Imbituba porque, coincidentemente, no momento em que batemos em abril o novo recorde de movimenta\u00e7\u00e3o mensal, temos a autoriza\u00e7\u00e3o para iniciar essa obra fundamental para o Porto alcan\u00e7ar um novo patamar operacional e atender o incremento esperado na opera\u00e7\u00e3o de cargas nos pr\u00f3ximos anos, com maior capacidade e efici\u00eancia\u201d.<\/p>\n<p>O Porto de Imbituba fechou abril com a maior movimenta\u00e7\u00e3o mensal j\u00e1 realizada no complexo portu\u00e1rio, em torno de 770 mil toneladas, segundo os n\u00fameros pr\u00e9vios da Autoridade Portu\u00e1ria, que tem os dados finais em fase de fechamento.<\/p>\n<p>Fonte: Portos e Navios<\/p>\n","protected":false},"excerpt":{"rendered":"<p>A SCPAR Porto de Imbituba recebeu nesta quarta-feira (3) a Licen\u00e7a Ambiental de Instala\u00e7\u00e3o (LAI) para realizar a obra de recupera\u00e7\u00e3o, refor\u00e7o e amplia\u00e7\u00e3o do&#8230;<\/p>\n","protected":false},"author":1527,"featured_media":45210,"comment_status":"closed","ping_status":"closed","sticky":false,"template":"","format":"standard","meta":{"footnotes":""},"categories":[6],"tags":[],"class_list":["post-45209","post","type-post","status-publish","format-standard","has-post-thumbnail","hentry","category-noticias"],"_links":{"self":[{"href":"https:\/\/www.sincomam.org.br\/index.php\/wp-json\/wp\/v2\/posts\/45209","targetHints":{"allow":["GET"]}}],"collection":[{"href":"https:\/\/www.sincomam.org.br\/index.php\/wp-json\/wp\/v2\/posts"}],"about":[{"href":"https:\/\/www.sincomam.org.br\/index.php\/wp-json\/wp\/v2\/types\/post"}],"author":[{"embeddable":true,"href":"https:\/\/www.sincomam.org.br\/index.php\/wp-json\/wp\/v2\/users\/1527"}],"replies":[{"embeddable":true,"href":"https:\/\/www.sincomam.org.br\/index.php\/wp-json\/wp\/v2\/comments?post=45209"}],"version-history":[{"count":1,"href":"https:\/\/www.sincomam.org.br\/index.php\/wp-json\/wp\/v2\/posts\/45209\/revisions"}],"predecessor-version":[{"id":45211,"href":"https:\/\/www.sincomam.org.br\/index.php\/wp-json\/wp\/v2\/posts\/45209\/revisions\/45211"}],"wp:featuredmedia":[{"embeddable":true,"href":"https:\/\/www.sincomam.org.br\/index.php\/wp-json\/wp\/v2\/media\/45210"}],"wp:attachment":[{"href":"https:\/\/www.sincomam.org.br\/index.php\/wp-json\/wp\/v2\/media?parent=45209"}],"wp:term":[{"taxonomy":"category","embeddable":true,"href":"https:\/\/www.sincomam.org.br\/index.php\/wp-json\/wp\/v2\/categories?post=45209"},{"taxonomy":"post_tag","embeddable":true,"href":"https:\/\/www.sincomam.org.br\/index.php\/wp-json\/wp\/v2\/tags?post=45209"}],"curies":[{"name":"wp","href":"https:\/\/api.w.org\/{rel}","templated":true}]}}