{"id":45197,"date":"2023-05-03T08:33:01","date_gmt":"2023-05-03T11:33:01","guid":{"rendered":"http:\/\/www.sincomam.org.br\/?p=45197"},"modified":"2023-05-03T08:33:01","modified_gmt":"2023-05-03T11:33:01","slug":"mp-eleva-isencao-de-ir-para-r-2-640-e-taxa-rendimentos-no-exterior","status":"publish","type":"post","link":"https:\/\/www.sincomam.org.br\/index.php\/mp-eleva-isencao-de-ir-para-r-2-640-e-taxa-rendimentos-no-exterior\/","title":{"rendered":"MP eleva isen\u00e7\u00e3o de IR para R$ 2.640 e taxa rendimentos no exterior"},"content":{"rendered":"<p>Pouco depois de anunciar a medida\u00a0em pronunciamento em TV e r\u00e1dio, o presidente Luiz In\u00e1cio Lula da Silva\u00a0assinou nesse domingo (30) a medida provis\u00f3ria que eleva de R$ 1.903,98 para R$ 2.112 a faixa de isen\u00e7\u00e3o de imposto de renda de pessoa f\u00edsica (IRPF). Com um desconto adicional de R$ 528 sobre os valores retidos na fonte, a isen\u00e7\u00e3o chega a R$ 2.640, o que corresponde a dois sal\u00e1rios m\u00ednimos de R$ 1320.<\/p>\n<p>Na mesma medida, o governo instituiu percentuais de cobran\u00e7a do IRPF para rendimentos obtidos no exterior por pessoas residentes no Brasil, incluindo a renda de aplica\u00e7\u00f5es financeiras, entidades controladas e\u00a0<em>trusts\u00a0<\/em>(fundos que administram patrim\u00f4nio de terceiros).<\/p>\n<p>O IRPF sobre a renda no exterior foi uma forma encontrada pelo governo para compensar a perda de arrecada\u00e7\u00e3o com o aumento da faixa de isen\u00e7\u00e3o, que dever\u00e1 ser de R$ 3,2 bilh\u00f5es nos sete meses que restam em 2023, segundo estimativa do Minist\u00e9rio da Fazenda. Com a nova faixa, mais de 13 milh\u00f5es de cidad\u00e3os devem deixar de declarar o imposto de renda, segundo as proje\u00e7\u00f5es oficiais.<\/p>\n<p>Pelo texto da MP, ser\u00e1 cobrado 15% de imposto sobre rendimentos entre R$ 6 mil e R$ 50 mil. Acima disso, a taxa ser\u00e1 de 22,5%, enquanto abaixo dessa faixa h\u00e1 isen\u00e7\u00e3o. Os contribuintes, contudo, poder\u00e3o atualizar na declara\u00e7\u00e3o anual de ajuste o valor de seus bens e direitos no exterior, podendo usar para isso o valor de mercado em 31 de dezembro de 2022.<\/p>\n<p>Sobre a diferen\u00e7a entre o valor antigo e o atual, o contribuinte dever\u00e1 pagar uma taxa fixa de 10%. Na pr\u00e1tica, isso resulta em uma economia para a pessoa f\u00edsica, pois pela regra anterior a diferen\u00e7a entre o valor antigo e atual s\u00f3 seria constatada quando o bem fosse eventualmente vendido, sendo aplicada a al\u00edquota cheia do imposto de renda sobre os ganhos (15% ou 22,5%).<\/p>\n<p>Ao permitir a atualiza\u00e7\u00e3o, o governo consegue antecipar, ainda que a uma tarifa menor, o pagamento do imposto de renda sobre o bem no exterior, mesmo que ele nunca seja vendido. Contudo, a ades\u00e3o \u00e0 atualiza\u00e7\u00e3o de valor \u00e9 opcional. Dessa maneira, o contribuinte pode refletir se o procedimento compensa ou n\u00e3o, no caso a caso.<\/p>\n<p>Conforme a nova MP, a atualiza\u00e7\u00e3o pode ser aplicada a:<\/p>\n<ul>\n<li>\u00a0aplica\u00e7\u00f5es financeiras;<\/li>\n<li>\u00a0bens im\u00f3veis em geral ou ativos que representem direitos sobre bens im\u00f3veis;<\/li>\n<li>\u00a0ve\u00edculos, aeronaves, embarca\u00e7\u00f5es e demais bens m\u00f3veis sujeitos a registro em geral, ainda que em aliena\u00e7\u00e3o fiduci\u00e1ria;<\/li>\n<li>\u00a0participa\u00e7\u00f5es em entidades controladas.<\/li>\n<\/ul>\n<h2>Proje\u00e7\u00f5es<\/h2>\n<p>Segundo o governo, a taxa\u00e7\u00e3o sobre bens e direitos no exterior de pessoas residentes no Brasil deve gerar um ganho de R$ 3,25 bilh\u00f5es na arrecada\u00e7\u00e3o federal neste ano, R$ 3,59 bilh\u00f5es em 2024 e R$ 6,75 bilh\u00f5es em 2025.<\/p>\n<p>Ainda de acordo com estimativas oficiais, h\u00e1 hoje R$ 1 trilh\u00e3o em ativos no exterior de pessoas f\u00edsicas residentes no Brasil, e sobre os quais praticamente n\u00e3o h\u00e1 cobran\u00e7a de impostos sobre suas rendas passivas, como dividendos, juros e\u00a0<em>royalties<\/em>.<\/p>\n<p>Outro ponto frisado pela equipe econ\u00f4mica \u00e9 que, devido \u00e0 aus\u00eancia anterior de regras, muitos indiv\u00edduos buscavam alocar seus bens no exterior de modo a evitar o pagamento de IRPF no Brasil, manobra que o governo agora pretende desestimular.<\/p>\n<p>Com as novas regras, o \u201cBrasil passa a adotar regra j\u00e1 utilizada pela maioria dos pa\u00edses desenvolvidos, como Alemanha (desde 1972), Canad\u00e1 (1975), Jap\u00e3o (1978), Fran\u00e7a (1980), Reino Unido (1984), China (2008), entre outros\u201d, disse o Minist\u00e9rio da Fazenda em nota divulgada nesta segunda-feira (1\u00ba).<\/p>\n<p>O minist\u00e9rio afirmou ainda que a tributa\u00e7\u00e3o sobre ativos no exterior \u201c\u00e9 altamente recomendada pela OCDE [Organiza\u00e7\u00e3o para a Coopera\u00e7\u00e3o e Desenvolvimento Econ\u00f4mico]\u201d, entidade multilateral composta por 38 pa\u00edses.<\/p>\n<p>Fonte: Ag\u00eancia Brasil<\/p>\n","protected":false},"excerpt":{"rendered":"<p>Pouco depois de anunciar a medida\u00a0em pronunciamento em TV e r\u00e1dio, o presidente Luiz In\u00e1cio Lula da Silva\u00a0assinou nesse domingo (30) a medida provis\u00f3ria que&#8230;<\/p>\n","protected":false},"author":1527,"featured_media":45198,"comment_status":"closed","ping_status":"closed","sticky":false,"template":"","format":"standard","meta":{"footnotes":""},"categories":[6],"tags":[],"class_list":["post-45197","post","type-post","status-publish","format-standard","has-post-thumbnail","hentry","category-noticias"],"_links":{"self":[{"href":"https:\/\/www.sincomam.org.br\/index.php\/wp-json\/wp\/v2\/posts\/45197","targetHints":{"allow":["GET"]}}],"collection":[{"href":"https:\/\/www.sincomam.org.br\/index.php\/wp-json\/wp\/v2\/posts"}],"about":[{"href":"https:\/\/www.sincomam.org.br\/index.php\/wp-json\/wp\/v2\/types\/post"}],"author":[{"embeddable":true,"href":"https:\/\/www.sincomam.org.br\/index.php\/wp-json\/wp\/v2\/users\/1527"}],"replies":[{"embeddable":true,"href":"https:\/\/www.sincomam.org.br\/index.php\/wp-json\/wp\/v2\/comments?post=45197"}],"version-history":[{"count":1,"href":"https:\/\/www.sincomam.org.br\/index.php\/wp-json\/wp\/v2\/posts\/45197\/revisions"}],"predecessor-version":[{"id":45199,"href":"https:\/\/www.sincomam.org.br\/index.php\/wp-json\/wp\/v2\/posts\/45197\/revisions\/45199"}],"wp:featuredmedia":[{"embeddable":true,"href":"https:\/\/www.sincomam.org.br\/index.php\/wp-json\/wp\/v2\/media\/45198"}],"wp:attachment":[{"href":"https:\/\/www.sincomam.org.br\/index.php\/wp-json\/wp\/v2\/media?parent=45197"}],"wp:term":[{"taxonomy":"category","embeddable":true,"href":"https:\/\/www.sincomam.org.br\/index.php\/wp-json\/wp\/v2\/categories?post=45197"},{"taxonomy":"post_tag","embeddable":true,"href":"https:\/\/www.sincomam.org.br\/index.php\/wp-json\/wp\/v2\/tags?post=45197"}],"curies":[{"name":"wp","href":"https:\/\/api.w.org\/{rel}","templated":true}]}}