{"id":4518,"date":"2014-03-27T09:31:14","date_gmt":"2014-03-27T12:31:14","guid":{"rendered":"http:\/\/www.sincomam.org.br\/?p=4518"},"modified":"2014-03-27T09:31:14","modified_gmt":"2014-03-27T12:31:14","slug":"rio-madeira-continua-subindo-em-rondonia","status":"publish","type":"post","link":"https:\/\/www.sincomam.org.br\/index.php\/rio-madeira-continua-subindo-em-rondonia\/","title":{"rendered":"Rio Madeira continua subindo em Rond\u00f4nia"},"content":{"rendered":"<p>O Rio Madeira continua subindo em Porto Velho, Rond\u00f4nia, e atingiu 19,38 metros, segundo aferi\u00e7\u00e3o da Ag\u00eancia Nacional de \u00c1guas (ANA). O recorde hist\u00f3rico havia sido registrado em 1997, quando subiu 17,52 metros acima do n\u00edvel normal.<\/p>\n<p>Segundo a Defesa Civil estadual, mais de 3.100 fam\u00edlias foram afetadas no estado, principalmente em Porto Velho e na regi\u00e3o metropolitana, com 1.752 fam\u00edlias desalojadas e 873 desabrigadas. Outras cidades bastante afetadas s\u00e3o Guajar\u00e1-Mirim e Nova Mamor\u00e9.<\/p>\n<p>\u201cA previs\u00e3o \u00e9 que at\u00e9 o fim do m\u00eas o n\u00edvel do rio chegue a 19,45 metros e depois se estabilize\u201d, disse o coordenador de comunica\u00e7\u00e3o da Defesa Civil estadual, tenente-coronel bombeiro Demargli da Costa Farias.<\/p>\n<p>O Departamento Nacional de Infraestrutura de Transportes (Dnit) decidiu ontem, por quest\u00f5es de seguran\u00e7a, suspender temporariamente o tr\u00e1fego na BR-364, que liga o Acre a Rond\u00f4nia, nos trechos entre os quil\u00f4metros 868 e 862 da rodovia, localizados em Rond\u00f4nia. A interdi\u00e7\u00e3o se d\u00e1 devido ao aumento da l\u00e2mina d&#8217;\u00e1gua sobre a pista, que nessa quinta-feira chegou a 1,40 metro.<\/p>\n<p>Ap\u00f3s reuni\u00e3o ontem com o governador de Rond\u00f4nia, Conf\u00facio Moura, o governador do Acre, Ti\u00e3o Viana, disse que os dois estados vivem um momento muito delicado. \u201cA estrada [BR-364] est\u00e1 interrompida e s\u00f3 voltar\u00e1 a permitir a trafegabilidade quando houver um acesso por balsa em dois trechos cr\u00edticos: na regi\u00e3o de Jaci-Paran\u00e1, em torno de 2,5 quil\u00f4metros, e outro na Velha Mutum, que apresenta um trecho de 16 quil\u00f4metros inundados\u201d, disse Viana.<\/p>\n<p>O governador acrescentou que, na reuni\u00e3o, foram tratadas todas as alternativas para manter a regi\u00e3o do oeste rondoniense e do Acre abastecida. \u201cO preju\u00edzo estimado pela prefeitura [de Porto Velho] e pelo governador de Rond\u00f4nia j\u00e1 \u00e9 mais de R$ 1 bilh\u00e3o. O Rio Madeira segue enchendo e, na \u00faltima medi\u00e7\u00e3o, estava em 19,35 metros, quando o limite estimado pelo governador Conf\u00facio Moura era 19,20 metros. Ou seja, estamos al\u00e9m dos limites de expectativa deles\u201d, completou.<\/p>\n<p>Em visita a Rio Branco, capital do Acre, na tarde de s\u00e1bado (15), a presidenta Dilma Rousseff disse que a constru\u00e7\u00e3o de uma ponte sobre o Rio Madeira vai ligar o Acre a Rond\u00f4nia. A \u00fanica via terrestre que liga os estados castigados pelas cheias \u00e9 a BR-364, que h\u00e1 quase um m\u00eas est\u00e1 parcialmente bloqueada porque a cheia do rio inundou partes da rodovia.<\/p>\n<p>Fonte: Ag\u00eancia Brasil<\/p>\n","protected":false},"excerpt":{"rendered":"<p>O Rio Madeira continua subindo em Porto Velho, Rond\u00f4nia, e atingiu 19,38 metros, segundo aferi\u00e7\u00e3o da Ag\u00eancia Nacional de \u00c1guas (ANA). O recorde hist\u00f3rico havia&#8230;<\/p>\n","protected":false},"author":1182,"featured_media":4181,"comment_status":"closed","ping_status":"closed","sticky":false,"template":"","format":"standard","meta":{"footnotes":""},"categories":[6],"tags":[723,832],"class_list":["post-4518","post","type-post","status-publish","format-standard","has-post-thumbnail","hentry","category-noticias","tag-rio-madeira","tag-subiu"],"_links":{"self":[{"href":"https:\/\/www.sincomam.org.br\/index.php\/wp-json\/wp\/v2\/posts\/4518","targetHints":{"allow":["GET"]}}],"collection":[{"href":"https:\/\/www.sincomam.org.br\/index.php\/wp-json\/wp\/v2\/posts"}],"about":[{"href":"https:\/\/www.sincomam.org.br\/index.php\/wp-json\/wp\/v2\/types\/post"}],"author":[{"embeddable":true,"href":"https:\/\/www.sincomam.org.br\/index.php\/wp-json\/wp\/v2\/users\/1182"}],"replies":[{"embeddable":true,"href":"https:\/\/www.sincomam.org.br\/index.php\/wp-json\/wp\/v2\/comments?post=4518"}],"version-history":[{"count":1,"href":"https:\/\/www.sincomam.org.br\/index.php\/wp-json\/wp\/v2\/posts\/4518\/revisions"}],"predecessor-version":[{"id":4519,"href":"https:\/\/www.sincomam.org.br\/index.php\/wp-json\/wp\/v2\/posts\/4518\/revisions\/4519"}],"wp:featuredmedia":[{"embeddable":true,"href":"https:\/\/www.sincomam.org.br\/index.php\/wp-json\/wp\/v2\/media\/4181"}],"wp:attachment":[{"href":"https:\/\/www.sincomam.org.br\/index.php\/wp-json\/wp\/v2\/media?parent=4518"}],"wp:term":[{"taxonomy":"category","embeddable":true,"href":"https:\/\/www.sincomam.org.br\/index.php\/wp-json\/wp\/v2\/categories?post=4518"},{"taxonomy":"post_tag","embeddable":true,"href":"https:\/\/www.sincomam.org.br\/index.php\/wp-json\/wp\/v2\/tags?post=4518"}],"curies":[{"name":"wp","href":"https:\/\/api.w.org\/{rel}","templated":true}]}}