{"id":45171,"date":"2023-05-02T09:10:15","date_gmt":"2023-05-02T12:10:15","guid":{"rendered":"http:\/\/www.sincomam.org.br\/?p=45171"},"modified":"2023-05-02T09:15:57","modified_gmt":"2023-05-02T12:15:57","slug":"marinha-do-brasil-atualiza-lista-de-nomes-de-ciclones-tropicais-e-subtropicais-com-nomes-em-tupi-guarani","status":"publish","type":"post","link":"https:\/\/www.sincomam.org.br\/index.php\/marinha-do-brasil-atualiza-lista-de-nomes-de-ciclones-tropicais-e-subtropicais-com-nomes-em-tupi-guarani\/","title":{"rendered":"Marinha do Brasil atualiza lista de nomes de ciclones tropicais e subtropicais"},"content":{"rendered":"<p>A Marinha do Brasil atualizou a lista de nomes de ciclones tropicais e subtropicais que podem atingir a costa brasileira. A rela\u00e7\u00e3o, com 32 nomes em tupi-guarani, entrou em vigor em 1\u00ba de mar\u00e7o e foi publicada em portaria do Minist\u00e9rio da Defesa e da Diretoria de Hidrografia e Navega\u00e7\u00e3o. A nomenclatura \u00e9 para ciclones que possam atingir a Metarea 5, \u00e1rea de responsabilidade do Brasil perante a OMM (Organiza\u00e7\u00e3o Meteorol\u00f3gica Mundial).<\/p>\n<p class=\" aBigClassNameToAvoidCollisionInText\">A escolha dos nomes em tupi foi feita em conjunto com o Inmet (Instituto Nacional de Meteorologia), a For\u00e7a A\u00e9rea Brasileira e o CPTEC (Centro de Previs\u00e3o do Tempo e Estudos Clim\u00e1ticos), do Inpe (Instituto Nacional de Pesquisas Espaciais). A atualiza\u00e7\u00e3o ocorre quando se atinge o final da rela\u00e7\u00e3o de nomes anterior.<\/p>\n<div class=\"td-a-rec td-a-rec-id-content_inline td_uid_2_6450f13f267c4_rand td_block_template_11\">\n<p>O \u00faltimo ciclone nomeado pela Marinha foi a tempestade subtropical Yakecan, entre 16 e 19 de maio de 2022, o 16\u00ba a atingir a costa brasileira desde o Arani, em 14 de mar\u00e7o de 2011, que iniciou a lista de nomenclatura anterior, criada ap\u00f3s o furac\u00e3o Catarina, em 2004.<\/p>\n<\/div>\n<p>A nomea\u00e7\u00e3o de ciclones no mundo come\u00e7ou por volta dos anos 1900, e meteorologistas decidiram usar listas em ordem alfab\u00e9tica no fim do s\u00e9culo 20 para facilitar a nomea\u00e7\u00e3o e compreens\u00e3o de quantos outros ciclones foram registrados no mesmo ano.<\/p>\n<p>Fonte: Defesa em Foco<\/p>\n","protected":false},"excerpt":{"rendered":"<p>A Marinha do Brasil atualizou a lista de nomes de ciclones tropicais e subtropicais que podem atingir a costa brasileira. A rela\u00e7\u00e3o, com 32 nomes&#8230;<\/p>\n","protected":false},"author":1527,"featured_media":45172,"comment_status":"closed","ping_status":"closed","sticky":false,"template":"","format":"standard","meta":{"footnotes":""},"categories":[6],"tags":[],"class_list":["post-45171","post","type-post","status-publish","format-standard","has-post-thumbnail","hentry","category-noticias"],"_links":{"self":[{"href":"https:\/\/www.sincomam.org.br\/index.php\/wp-json\/wp\/v2\/posts\/45171","targetHints":{"allow":["GET"]}}],"collection":[{"href":"https:\/\/www.sincomam.org.br\/index.php\/wp-json\/wp\/v2\/posts"}],"about":[{"href":"https:\/\/www.sincomam.org.br\/index.php\/wp-json\/wp\/v2\/types\/post"}],"author":[{"embeddable":true,"href":"https:\/\/www.sincomam.org.br\/index.php\/wp-json\/wp\/v2\/users\/1527"}],"replies":[{"embeddable":true,"href":"https:\/\/www.sincomam.org.br\/index.php\/wp-json\/wp\/v2\/comments?post=45171"}],"version-history":[{"count":2,"href":"https:\/\/www.sincomam.org.br\/index.php\/wp-json\/wp\/v2\/posts\/45171\/revisions"}],"predecessor-version":[{"id":45181,"href":"https:\/\/www.sincomam.org.br\/index.php\/wp-json\/wp\/v2\/posts\/45171\/revisions\/45181"}],"wp:featuredmedia":[{"embeddable":true,"href":"https:\/\/www.sincomam.org.br\/index.php\/wp-json\/wp\/v2\/media\/45172"}],"wp:attachment":[{"href":"https:\/\/www.sincomam.org.br\/index.php\/wp-json\/wp\/v2\/media?parent=45171"}],"wp:term":[{"taxonomy":"category","embeddable":true,"href":"https:\/\/www.sincomam.org.br\/index.php\/wp-json\/wp\/v2\/categories?post=45171"},{"taxonomy":"post_tag","embeddable":true,"href":"https:\/\/www.sincomam.org.br\/index.php\/wp-json\/wp\/v2\/tags?post=45171"}],"curies":[{"name":"wp","href":"https:\/\/api.w.org\/{rel}","templated":true}]}}