{"id":45153,"date":"2023-04-28T08:23:15","date_gmt":"2023-04-28T11:23:15","guid":{"rendered":"http:\/\/www.sincomam.org.br\/?p=45153"},"modified":"2023-04-28T08:23:15","modified_gmt":"2023-04-28T11:23:15","slug":"projetos-no-senado-buscam-garantir-poder-aquisitivo-do-trabalhador-em-2023","status":"publish","type":"post","link":"https:\/\/www.sincomam.org.br\/index.php\/projetos-no-senado-buscam-garantir-poder-aquisitivo-do-trabalhador-em-2023\/","title":{"rendered":"Projetos no Senado Buscam Garantir Poder Aquisitivo do Trabalhador em 2023"},"content":{"rendered":"<p>O sal\u00e1rio m\u00ednimo no Brasil deve ser reajustado para R$ 1.320 a partir de 1\u00ba de maio de 2023, Dia do Trabalhador, um aumento de 1,3% em rela\u00e7\u00e3o aos atuais R$ 1.302. No entanto, quatro projetos de lei no Senado buscam definir crit\u00e9rios objetivos de corre\u00e7\u00e3o que preservem o poder aquisitivo do trabalhador. Esses projetos apresentam diferentes propostas para garantir um aumento real ao sal\u00e1rio m\u00ednimo, que \u00e9 negociado anualmente entre o Poder Executivo, Congresso Nacional e centrais sindicais durante a discuss\u00e3o do projeto de lei or\u00e7ament\u00e1ria.<\/p>\n<p><strong>Aumento de 1,3% no sal\u00e1rio m\u00ednimo previsto para 2023<\/strong><\/p>\n<p>O projeto mais recente (PL 1.231\/2022), do senador Paulo Paim (PT-RS), define um valor base de R$ 1,3 mil para o sal\u00e1rio m\u00ednimo em 2023, al\u00e9m de um fator de corre\u00e7\u00e3o que seria aplicado ano a ano. Segundo a proposta, os trabalhadores teriam direito a um aumento adicional correspondente ao dobro da varia\u00e7\u00e3o real positiva do produto interno bruto (PIB) acumulada em 2022. Com base na previs\u00e3o do Instituto de Pesquisa Econ\u00f4mica Aplicada (Ipea), que projeta um crescimento de 3,1% no PIB de 2022, o valor do sal\u00e1rio m\u00ednimo seria de R$ 1.380,60 em 2023, um aumento de 4,5% em rela\u00e7\u00e3o aos R$ 1.320 previstos para maio.<\/p>\n<p><strong>Projetos de lei no Senado buscam definir crit\u00e9rios objetivos de corre\u00e7\u00e3o<\/strong><\/p>\n<p>Outros tr\u00eas projetos de lei no Senado tamb\u00e9m visam estabelecer crit\u00e9rios de corre\u00e7\u00e3o para o sal\u00e1rio m\u00ednimo. O PL 2.618\/2019, do senador Iraj\u00e1 (PSD-TO), prop\u00f5e a corre\u00e7\u00e3o anual do sal\u00e1rio m\u00ednimo pelo \u00cdndice Nacional de Pre\u00e7os ao Consumidor (INPC), al\u00e9m de garantir um aumento real de pelo menos 6% ao ano ou a varia\u00e7\u00e3o do PIB de dois anos antes.<\/p>\n<p>J\u00e1 o PL 3.137\/2019, do senador Eduardo Braga (MDB-AM), estabelece uma pol\u00edtica de valoriza\u00e7\u00e3o do sal\u00e1rio m\u00ednimo com dura\u00e7\u00e3o de quatro anos, garantindo uma corre\u00e7\u00e3o equivalente \u00e0 taxa de crescimento do PIB per capita de dois anos antes. O PIB per capita, que mede a quantidade de bens e servi\u00e7os produzidos por habitante durante um ano, registrou alta de 3,9% em 2021 em rela\u00e7\u00e3o a 2020.<\/p>\n<p>Por fim, o PL 605\/2019, apresentado por seis parlamentares do PT, prev\u00ea a corre\u00e7\u00e3o do piso salarial pela varia\u00e7\u00e3o anual do INPC e, durante quatro anos, um reajuste equivalente ao crescimento do PIB de dois anos antes. O projeto tamb\u00e9m assegura um aumento real de pelo menos 1% caso o pa\u00eds n\u00e3o registre incremento na economia.<\/p>\n<p><strong>Impacto da valoriza\u00e7\u00e3o do sal\u00e1rio m\u00ednimo na economia e capacidade de consumo<\/strong><\/p>\n<p>A valoriza\u00e7\u00e3o do sal\u00e1rio m\u00ednimo \u00e9 um tema complexo, j\u00e1 que pode afetar tanto a capacidade de consumo da popula\u00e7\u00e3o quanto a sa\u00fade financeira das empresas. O senador Iraj\u00e1 argumenta que a valoriza\u00e7\u00e3o insuficiente do sal\u00e1rio m\u00ednimo pode prejudicar a capacidade de consumo da popula\u00e7\u00e3o, resultando em impactos negativos para as empresas e a recupera\u00e7\u00e3o econ\u00f4mica nacional.<\/p>\n<p>Os autores do PL 605\/2019 defendem que o aumento real do sal\u00e1rio m\u00ednimo \u00e9 essencial para estimular a demanda agregada e o consumo, especialmente em momentos de crise econ\u00f4mica. Segundo os parlamentares, essa pol\u00edtica protege o trabalhador dos reveses na economia e ajuda a impulsionar o crescimento.<\/p>\n<p>A discuss\u00e3o sobre o reajuste do sal\u00e1rio m\u00ednimo e a defini\u00e7\u00e3o de crit\u00e9rios objetivos de corre\u00e7\u00e3o \u00e9 fundamental para garantir o poder aquisitivo do trabalhador e equilibrar os interesses das empresas e da economia. Os projetos de lei no Senado buscam encontrar solu\u00e7\u00f5es para essa quest\u00e3o, dando voz aos diferentes setores e contribuindo para o debate p\u00fablico sobre o tema.<\/p>\n<p>A defini\u00e7\u00e3o do valor do sal\u00e1rio m\u00ednimo para 2023 e as discuss\u00f5es em torno dos projetos de lei no Senado s\u00e3o uma oportunidade para o Brasil estabelecer crit\u00e9rios claros e justos de corre\u00e7\u00e3o do sal\u00e1rio m\u00ednimo, garantindo que os trabalhadores possam contar com um aumento real e contribuindo para a estabilidade econ\u00f4mica do pa\u00eds.<\/p>\n<p>Fonte: O Petr\u00f3leo<\/p>\n","protected":false},"excerpt":{"rendered":"<p>O sal\u00e1rio m\u00ednimo no Brasil deve ser reajustado para R$ 1.320 a partir de 1\u00ba de maio de 2023, Dia do Trabalhador, um aumento de&#8230;<\/p>\n","protected":false},"author":1527,"featured_media":45154,"comment_status":"closed","ping_status":"closed","sticky":false,"template":"","format":"standard","meta":{"footnotes":""},"categories":[6],"tags":[],"class_list":["post-45153","post","type-post","status-publish","format-standard","has-post-thumbnail","hentry","category-noticias"],"_links":{"self":[{"href":"https:\/\/www.sincomam.org.br\/index.php\/wp-json\/wp\/v2\/posts\/45153","targetHints":{"allow":["GET"]}}],"collection":[{"href":"https:\/\/www.sincomam.org.br\/index.php\/wp-json\/wp\/v2\/posts"}],"about":[{"href":"https:\/\/www.sincomam.org.br\/index.php\/wp-json\/wp\/v2\/types\/post"}],"author":[{"embeddable":true,"href":"https:\/\/www.sincomam.org.br\/index.php\/wp-json\/wp\/v2\/users\/1527"}],"replies":[{"embeddable":true,"href":"https:\/\/www.sincomam.org.br\/index.php\/wp-json\/wp\/v2\/comments?post=45153"}],"version-history":[{"count":1,"href":"https:\/\/www.sincomam.org.br\/index.php\/wp-json\/wp\/v2\/posts\/45153\/revisions"}],"predecessor-version":[{"id":45155,"href":"https:\/\/www.sincomam.org.br\/index.php\/wp-json\/wp\/v2\/posts\/45153\/revisions\/45155"}],"wp:featuredmedia":[{"embeddable":true,"href":"https:\/\/www.sincomam.org.br\/index.php\/wp-json\/wp\/v2\/media\/45154"}],"wp:attachment":[{"href":"https:\/\/www.sincomam.org.br\/index.php\/wp-json\/wp\/v2\/media?parent=45153"}],"wp:term":[{"taxonomy":"category","embeddable":true,"href":"https:\/\/www.sincomam.org.br\/index.php\/wp-json\/wp\/v2\/categories?post=45153"},{"taxonomy":"post_tag","embeddable":true,"href":"https:\/\/www.sincomam.org.br\/index.php\/wp-json\/wp\/v2\/tags?post=45153"}],"curies":[{"name":"wp","href":"https:\/\/api.w.org\/{rel}","templated":true}]}}