{"id":45147,"date":"2023-04-28T07:53:19","date_gmt":"2023-04-28T10:53:19","guid":{"rendered":"http:\/\/www.sincomam.org.br\/?p=45147"},"modified":"2023-04-28T07:53:19","modified_gmt":"2023-04-28T10:53:19","slug":"dnit-inicia-campanha-de-dragagem-do-rio-madeira","status":"publish","type":"post","link":"https:\/\/www.sincomam.org.br\/index.php\/dnit-inicia-campanha-de-dragagem-do-rio-madeira\/","title":{"rendered":"DNIT inicia campanha de dragagem do rio Madeira"},"content":{"rendered":"<p>At\u00e9 junho, o Governo Federal, por meio do Minist\u00e9rio dos Transportes, pretende dragar cerca de 1,5 milh\u00e3o de metros c\u00fabicos de sedimentos em oito pontos cr\u00edticos do Rio Madeira, entre Amazonas e Rond\u00f4nia. Os servi\u00e7os de dragagem foram retomados no dia 15 de abril e v\u00e3o garantir uma navega\u00e7\u00e3o segura das embarca\u00e7\u00f5es, bem como auxiliar no escoamento de insumos para as regi\u00f5es Norte e Centro-Oeste do pa\u00eds.<\/p>\n<p>A campanha de dragagem come\u00e7ou em 15 de abril, com previs\u00e3o de dura\u00e7\u00e3o de 60 dias.<\/p>\n<p>Ap\u00f3s avalia\u00e7\u00e3o hidrogr\u00e1fica do Departamento Nacional de Infraestrutura de Transportes (DNIT), as equipes atuam na remo\u00e7\u00e3o de sedimentos do fundo do rio Madeira nos pontos cr\u00edticos de Cojubim, Curicacas, Salom\u00e3o, Costa Primavera, Cintra, Miriti, Santa Cruz e Manicor\u00e9.<\/p>\n<p>Um dos principais eixos log\u00edsticos do norte do pa\u00eds, a hidrovia do Rio Madeira integra o Arco Norte, que abrange os estados do Acre, Rond\u00f4nia, Amazonas, Par\u00e1, Mato Grosso e Tocantins, e garante o escoamento de produtos pelo rio Amazonas e seus afluentes. Segundo dados da Ag\u00eancia Nacional de Transportes Aquavi\u00e1rios (Antaq), apenas entre janeiro e fevereiro deste ano o rio Madeira movimentou 1,6 milh\u00e3o de toneladas de carga, um crescimento de 1,75% em rela\u00e7\u00e3o ao mesmo per\u00edodo de 2022.<\/p>\n<p>Fonte: Portos e Navios<\/p>\n","protected":false},"excerpt":{"rendered":"<p>At\u00e9 junho, o Governo Federal, por meio do Minist\u00e9rio dos Transportes, pretende dragar cerca de 1,5 milh\u00e3o de metros c\u00fabicos de sedimentos em oito pontos&#8230;<\/p>\n","protected":false},"author":1527,"featured_media":45148,"comment_status":"closed","ping_status":"closed","sticky":false,"template":"","format":"standard","meta":{"footnotes":""},"categories":[6],"tags":[],"class_list":["post-45147","post","type-post","status-publish","format-standard","has-post-thumbnail","hentry","category-noticias"],"_links":{"self":[{"href":"https:\/\/www.sincomam.org.br\/index.php\/wp-json\/wp\/v2\/posts\/45147","targetHints":{"allow":["GET"]}}],"collection":[{"href":"https:\/\/www.sincomam.org.br\/index.php\/wp-json\/wp\/v2\/posts"}],"about":[{"href":"https:\/\/www.sincomam.org.br\/index.php\/wp-json\/wp\/v2\/types\/post"}],"author":[{"embeddable":true,"href":"https:\/\/www.sincomam.org.br\/index.php\/wp-json\/wp\/v2\/users\/1527"}],"replies":[{"embeddable":true,"href":"https:\/\/www.sincomam.org.br\/index.php\/wp-json\/wp\/v2\/comments?post=45147"}],"version-history":[{"count":1,"href":"https:\/\/www.sincomam.org.br\/index.php\/wp-json\/wp\/v2\/posts\/45147\/revisions"}],"predecessor-version":[{"id":45149,"href":"https:\/\/www.sincomam.org.br\/index.php\/wp-json\/wp\/v2\/posts\/45147\/revisions\/45149"}],"wp:featuredmedia":[{"embeddable":true,"href":"https:\/\/www.sincomam.org.br\/index.php\/wp-json\/wp\/v2\/media\/45148"}],"wp:attachment":[{"href":"https:\/\/www.sincomam.org.br\/index.php\/wp-json\/wp\/v2\/media?parent=45147"}],"wp:term":[{"taxonomy":"category","embeddable":true,"href":"https:\/\/www.sincomam.org.br\/index.php\/wp-json\/wp\/v2\/categories?post=45147"},{"taxonomy":"post_tag","embeddable":true,"href":"https:\/\/www.sincomam.org.br\/index.php\/wp-json\/wp\/v2\/tags?post=45147"}],"curies":[{"name":"wp","href":"https:\/\/api.w.org\/{rel}","templated":true}]}}