{"id":45144,"date":"2023-04-28T07:52:18","date_gmt":"2023-04-28T10:52:18","guid":{"rendered":"http:\/\/www.sincomam.org.br\/?p=45144"},"modified":"2023-04-28T07:52:18","modified_gmt":"2023-04-28T10:52:18","slug":"sergio-bacci-toma-posse-na-presidencia-da-transpetro","status":"publish","type":"post","link":"https:\/\/www.sincomam.org.br\/index.php\/sergio-bacci-toma-posse-na-presidencia-da-transpetro\/","title":{"rendered":"S\u00e9rgio Bacci toma posse na presid\u00eancia da Transpetro"},"content":{"rendered":"<p>O conselho de administra\u00e7\u00e3o da Transpetro elegeu, nesta quinta-feira (27), S\u00e9rgio Bacci, para o cargo de presidente da companhia. Os conselheiros tamb\u00e9m nomearam Fernando Mascarenhas, para o cargo de diretor financeiro, e Jones Soares, para o cargo de diretor de transporte mar\u00edtimo, dutos e terminais da Transpetro. Eles assumem seus cargos nesta sexta-feira (28). No comunicado, a Transpetro agradeceu a contribui\u00e7\u00e3o de Luiz Eduardo Valente, que assumiu a presid\u00eancia da companhia em setembro de 2021, al\u00e9m de sua diretoria no per\u00edodo.<\/p>\n<p>Sergio Hermes Martello Bacci \u00e9 administrador de empresas formado pela Institui\u00e7\u00e3o Faculdades Integradas Senador Flaquer, de Santo Andr\u00e9. Possui experi\u00eancia de mais de 20 anos no setor naval e offshore, log\u00edstica e transportes mar\u00edtimos, atuando na dire\u00e7\u00e3o de grandes empresas como a Asgaard Navega\u00e7\u00e3o S.A., Opmar Servi\u00e7os Mar\u00edtimos Ltda. e Bram Offshore.<\/p>\n<p>O comunicado destacou ainda que Bacci exerceu importante papel como representante do Sindicato Nacional da Ind\u00fastria da Constru\u00e7\u00e3o e Repara\u00e7\u00e3o Naval e Offshore (Sinaval), na Organiza\u00e7\u00e3o para Coopera\u00e7\u00e3o e Desenvolvimento Econ\u00f4mico (OCDE) e no fomento ao crescimento da ind\u00fastria naval brasileira. Tamb\u00e9m foi secret\u00e1rio de fomento para a\u00e7\u00f5es de transportes no Minist\u00e9rio dos Transportes, com destaque para a atua\u00e7\u00e3o na moderniza\u00e7\u00e3o da legisla\u00e7\u00e3o de infraestrutura rodovi\u00e1ria, aquavi\u00e1ria e de portos.<\/p>\n<p>Fernando Mascarenhas Cavalcanti de Barros \u00e9 engenheiro eletr\u00f4nico pela Universidade Federal do Rio de Janeiro (UFRJ) e mestre em Sistemas Digitais\/Redes de Computadores \u2013 MSc pela COPPE \/ UFRJ. Possui p\u00f3s-gradua\u00e7\u00e3o em Marketing pela PUC RJ, e em Gest\u00e3o Empresarial pela Funda\u00e7\u00e3o Dom Cabral (FDC), onde tamb\u00e9m concluiu o MBA em Gest\u00e3o Empresarial. Executivo com 22 anos de experi\u00eancia nas ind\u00fastrias de avia\u00e7\u00e3o, navega\u00e7\u00e3o, minera\u00e7\u00e3o e siderurgia, tendo ocupado posi\u00e7\u00f5es de lideran\u00e7a globais e locais na Varig S.A., na Vale S.A. e em empresas do grupo Vale, nos cargos de gerente executivo de An\u00e1lise e Planejamento Financeiro (FP&amp;A) Global, Vice-presidente Executivo de Administra\u00e7\u00e3o e Finan\u00e7as, CFO, da\u00a0<em>California Steel Industries<\/em>\u00a0(CSI), empresa do grupo Vale, gerente s\u00eanior de rela\u00e7\u00e3o com investidores, gerente geral da opera\u00e7\u00e3o de rebocadores e gerente geral de intelig\u00eancia de mercado de navega\u00e7\u00e3o na Vale.<\/p>\n<p>Jones Alexandre Barros Soares \u00e9 bacharel em Ci\u00eancias N\u00e1uticas pelo Centro de Instru\u00e7\u00e3o Almirante Braz Aguiar e mestre em Gest\u00e3o de Servi\u00e7os pelo Instituto Universit\u00e1rio de Lisboa. Possui diversos cursos como MBA em Gest\u00e3o Empresarial pela Funda\u00e7\u00e3o Get\u00falio Vargas, Negocia\u00e7\u00e3o e Lideran\u00e7a pela Harvard Law School e Ship Management &amp; Logistics pela Cambridge Academy of Transport na Inglaterra. Atua no sistema Petrobras h\u00e1 31 anos e na Transpetro h\u00e1 22 anos, com vasta experi\u00eancia na \u00e1rea de opera\u00e7\u00f5es, acumulando mais de 4000 dias de navega\u00e7\u00e3o como capit\u00e3o de longo curso e comandante de navios mercantes da Petrobras Transporte \u2013 Fronape. Exerce fun\u00e7\u00f5es gerenciais h\u00e1 23 anos, dentre as quais se destacam as de Gerente Executivo de Opera\u00e7\u00e3o de Navios e Diretor da Transpetro International BV. \u00c9 membro do Centro de Capit\u00e3es da Marinha Mercante, da Associa\u00e7\u00e3o Brasileira de Direito Mar\u00edtimo \u2013 ABDM, IFSMA (International Federations of Shipmasters Association), Nautical Institute de Londres, e, da NAMEPA &#8211;\u00a0The North American Marine Environment Protection Association.<\/p>\n<p>Fonte: Portos e Navios<\/p>\n","protected":false},"excerpt":{"rendered":"<p>O conselho de administra\u00e7\u00e3o da Transpetro elegeu, nesta quinta-feira (27), S\u00e9rgio Bacci, para o cargo de presidente da companhia. Os conselheiros tamb\u00e9m nomearam Fernando Mascarenhas,&#8230;<\/p>\n","protected":false},"author":1527,"featured_media":45145,"comment_status":"closed","ping_status":"closed","sticky":false,"template":"","format":"standard","meta":{"footnotes":""},"categories":[6],"tags":[],"class_list":["post-45144","post","type-post","status-publish","format-standard","has-post-thumbnail","hentry","category-noticias"],"_links":{"self":[{"href":"https:\/\/www.sincomam.org.br\/index.php\/wp-json\/wp\/v2\/posts\/45144","targetHints":{"allow":["GET"]}}],"collection":[{"href":"https:\/\/www.sincomam.org.br\/index.php\/wp-json\/wp\/v2\/posts"}],"about":[{"href":"https:\/\/www.sincomam.org.br\/index.php\/wp-json\/wp\/v2\/types\/post"}],"author":[{"embeddable":true,"href":"https:\/\/www.sincomam.org.br\/index.php\/wp-json\/wp\/v2\/users\/1527"}],"replies":[{"embeddable":true,"href":"https:\/\/www.sincomam.org.br\/index.php\/wp-json\/wp\/v2\/comments?post=45144"}],"version-history":[{"count":1,"href":"https:\/\/www.sincomam.org.br\/index.php\/wp-json\/wp\/v2\/posts\/45144\/revisions"}],"predecessor-version":[{"id":45146,"href":"https:\/\/www.sincomam.org.br\/index.php\/wp-json\/wp\/v2\/posts\/45144\/revisions\/45146"}],"wp:featuredmedia":[{"embeddable":true,"href":"https:\/\/www.sincomam.org.br\/index.php\/wp-json\/wp\/v2\/media\/45145"}],"wp:attachment":[{"href":"https:\/\/www.sincomam.org.br\/index.php\/wp-json\/wp\/v2\/media?parent=45144"}],"wp:term":[{"taxonomy":"category","embeddable":true,"href":"https:\/\/www.sincomam.org.br\/index.php\/wp-json\/wp\/v2\/categories?post=45144"},{"taxonomy":"post_tag","embeddable":true,"href":"https:\/\/www.sincomam.org.br\/index.php\/wp-json\/wp\/v2\/tags?post=45144"}],"curies":[{"name":"wp","href":"https:\/\/api.w.org\/{rel}","templated":true}]}}