{"id":45127,"date":"2023-04-27T07:48:47","date_gmt":"2023-04-27T10:48:47","guid":{"rendered":"http:\/\/www.sincomam.org.br\/?p=45127"},"modified":"2023-04-27T07:48:47","modified_gmt":"2023-04-27T10:48:47","slug":"petrobras-aprova-alteracao-em-sua-estrutura-organizacional","status":"publish","type":"post","link":"https:\/\/www.sincomam.org.br\/index.php\/petrobras-aprova-alteracao-em-sua-estrutura-organizacional\/","title":{"rendered":"Petrobras aprova altera\u00e7\u00e3o em sua estrutura organizacional"},"content":{"rendered":"<p>O Conselho de Administra\u00e7\u00e3o da Petrobras aprovou, em reuni\u00e3o realizada nesta quarta-feira (26), a proposta de ajuste organizacional da companhia, que passa a valer a partir de 1\u00ba de maio. De acordo com a empresa, o ajuste n\u00e3o altera o n\u00famero atual das diretorias e n\u00e3o gera aumento de custos.<\/p>\n<p>Em nota, a Petrobras informou que a proposta tem tr\u00eas objetivos. \u201cEntre eles, preparar a companhia para a transi\u00e7\u00e3o energ\u00e9tica com a cria\u00e7\u00e3o de \u00e1rea focada no tema; reunir as atividades de engenharia, tecnologia e inova\u00e7\u00e3o, fortalecendo a \u00e1rea de desenvolvimento de projetos com os esfor\u00e7os de pesquisa e desenvolvimento; al\u00e9m de concentrar atividades corporativas em uma \u00e1rea voltada \u00e0 gest\u00e3o da companhia, fortalecendo sinergias entre os processos\u201d.<\/p>\n<p>A companhia vai criar a diretoria de Transi\u00e7\u00e3o Energ\u00e9tica e Sustentabilidade, que ser\u00e1 ocupada por Mauricio Tolmasquim. Ela ter\u00e1, na sua \u00e1rea, as ger\u00eancias executivas de G\u00e1s e Energia e de Mudan\u00e7a Clim\u00e1tica e Descarboniza\u00e7\u00e3o.<\/p>\n<p>A atual diretoria de Desenvolvimento da Produ\u00e7\u00e3o, ocupada por Carlos Jos\u00e9 do Nascimento Travassos, passa a ser Diretoria de Engenharia, Tecnologia e Inova\u00e7\u00e3o, e incorporar\u00e1 o Centro de Pesquisa e Desenvolvimento Leopoldo A. Miguez de Mello (Cenpes).<\/p>\n<p>J\u00e1 a atual diretoria de Refino, G\u00e1s e Energia, ocupada por William Fran\u00e7a da Silva, passa a ser denominada Diretoria de Processos Industriais e Produtos.<\/p>\n<p>A diretoria de Comercializa\u00e7\u00e3o e Log\u00edstica, ocupada por Claudio Romeo Schlosser, passa a ser denominada Diretoria de Log\u00edstica, Comercializa\u00e7\u00e3o e Mercados.<\/p>\n<p>A diretoria de Relacionamento Institucional e Sustentabilidade ser\u00e1 extinta. A atual diretora, Clarice Coppetti, passa a ser diretora de Assuntos Corporativos, que administrar\u00e1 os processos internos de gest\u00e3o de pessoas, sa\u00fade, meio ambiente e seguran\u00e7a (SMS) e servi\u00e7os compartilhados, e incorporar\u00e1 a estrutura de transforma\u00e7\u00e3o digital, seguran\u00e7a da informa\u00e7\u00e3o e tecnologia de informa\u00e7\u00e3o.<\/p>\n<p>As ger\u00eancias executivas de Comunica\u00e7\u00e3o, Responsabilidade Social e Relacionamento Externo ficar\u00e3o ligadas \u00e0 presid\u00eancia da Petrobras.<\/p>\n<p>A diretoria Financeira e de Relacionamento com Investidores, ocupada por Sergio Caetano Leite passa a ser respons\u00e1vel pela \u00e1rea de Gest\u00e3o de Portf\u00f3lio.<\/p>\n<p>Est\u00e3o mantidas as diretorias de Explora\u00e7\u00e3o e Produ\u00e7\u00e3o e de Governan\u00e7a e Conformidade.<\/p>\n<p>Fonte: Ag\u00eancia Brasil<\/p>\n","protected":false},"excerpt":{"rendered":"<p>O Conselho de Administra\u00e7\u00e3o da Petrobras aprovou, em reuni\u00e3o realizada nesta quarta-feira (26), a proposta de ajuste organizacional da companhia, que passa a valer a&#8230;<\/p>\n","protected":false},"author":1527,"featured_media":45128,"comment_status":"closed","ping_status":"closed","sticky":false,"template":"","format":"standard","meta":{"footnotes":""},"categories":[6],"tags":[],"class_list":["post-45127","post","type-post","status-publish","format-standard","has-post-thumbnail","hentry","category-noticias"],"_links":{"self":[{"href":"https:\/\/www.sincomam.org.br\/index.php\/wp-json\/wp\/v2\/posts\/45127","targetHints":{"allow":["GET"]}}],"collection":[{"href":"https:\/\/www.sincomam.org.br\/index.php\/wp-json\/wp\/v2\/posts"}],"about":[{"href":"https:\/\/www.sincomam.org.br\/index.php\/wp-json\/wp\/v2\/types\/post"}],"author":[{"embeddable":true,"href":"https:\/\/www.sincomam.org.br\/index.php\/wp-json\/wp\/v2\/users\/1527"}],"replies":[{"embeddable":true,"href":"https:\/\/www.sincomam.org.br\/index.php\/wp-json\/wp\/v2\/comments?post=45127"}],"version-history":[{"count":1,"href":"https:\/\/www.sincomam.org.br\/index.php\/wp-json\/wp\/v2\/posts\/45127\/revisions"}],"predecessor-version":[{"id":45129,"href":"https:\/\/www.sincomam.org.br\/index.php\/wp-json\/wp\/v2\/posts\/45127\/revisions\/45129"}],"wp:featuredmedia":[{"embeddable":true,"href":"https:\/\/www.sincomam.org.br\/index.php\/wp-json\/wp\/v2\/media\/45128"}],"wp:attachment":[{"href":"https:\/\/www.sincomam.org.br\/index.php\/wp-json\/wp\/v2\/media?parent=45127"}],"wp:term":[{"taxonomy":"category","embeddable":true,"href":"https:\/\/www.sincomam.org.br\/index.php\/wp-json\/wp\/v2\/categories?post=45127"},{"taxonomy":"post_tag","embeddable":true,"href":"https:\/\/www.sincomam.org.br\/index.php\/wp-json\/wp\/v2\/tags?post=45127"}],"curies":[{"name":"wp","href":"https:\/\/api.w.org\/{rel}","templated":true}]}}