{"id":45124,"date":"2023-04-27T07:48:01","date_gmt":"2023-04-27T10:48:01","guid":{"rendered":"http:\/\/www.sincomam.org.br\/?p=45124"},"modified":"2023-04-27T07:48:01","modified_gmt":"2023-04-27T10:48:01","slug":"supremo-retoma-julgamento-sobre-correcao-do-fgts-pela-tr","status":"publish","type":"post","link":"https:\/\/www.sincomam.org.br\/index.php\/supremo-retoma-julgamento-sobre-correcao-do-fgts-pela-tr\/","title":{"rendered":"Supremo retoma julgamento sobre corre\u00e7\u00e3o do FGTS pela TR"},"content":{"rendered":"<p>O Supremo Tribunal Federal (STF) retoma\u00a0hoje (27) o julgamento sobre a legalidade da utiliza\u00e7\u00e3o da Taxa Referencial (TR) para corre\u00e7\u00e3o das contas do Fundo de Garantia do Tempo de Servi\u00e7o (FGTS).<\/p>\n<p>Na semana passada, os ministros Lu\u00eds Roberto Barroso e Andr\u00e9 Mendon\u00e7a votaram para considerar inconstitucional o uso da TR para corre\u00e7\u00e3o. Para os ministros, a remunera\u00e7\u00e3o das contas n\u00e3o pode ser inferior ao rendimento da caderneta de poupan\u00e7a.<\/p>\n<p>Ap\u00f3s as manifesta\u00e7\u00f5es dos dois magistrados, a sess\u00e3o foi suspensa e ser\u00e1 retomada nesta quinta-feira, \u00e0s 14h. Faltam os votos de oito ministros. Em fun\u00e7\u00e3o da\u00a0aposentadoria de Ricardo Lewandowski, a Corte n\u00e3o conta com o voto do 11\u00b0 ministro.<\/p>\n<p>O caso come\u00e7ou a ser julgado pelo Supremo a partir de uma a\u00e7\u00e3o protocolada pelo partido Solidariedade, em 2014. A legenda sustenta que a corre\u00e7\u00e3o pela taxa, que tem rendimento pr\u00f3ximo de 0% ao ano &#8211; n\u00e3o remunera adequadamente os correntistas, perdendo para a infla\u00e7\u00e3o real.<\/p>\n<p><strong>FGTS<\/strong><\/p>\n<p>O fundo foi criado em 1966 para substituir a garantia de estabilidade no emprego. O FGTS funciona como uma poupan\u00e7a compuls\u00f3ria e prote\u00e7\u00e3o financeira contra o desemprego.<\/p>\n<p>No caso de dispensa sem justa causa, o empregado recebe o saldo do FGTS, mais a multa de 40% sobre o montante.<\/p>\n<p>Ap\u00f3s a entrada da a\u00e7\u00e3o no STF, leis come\u00e7aram a\u00a0vigorar, e as contas passaram a ser corrigidas com juros de 3% ao ano, o acr\u00e9scimo de distribui\u00e7\u00e3o de lucros do fundo, al\u00e9m da corre\u00e7\u00e3o pela TR.<\/p>\n<p><strong>AGU<\/strong><\/p>\n<p>No in\u00edcio do julgamento, a Advocacia-Geral da Uni\u00e3o (AGU) defendeu a extin\u00e7\u00e3o da a\u00e7\u00e3o. No entendimento da AGU, as leis 13.446\/2017 e 13.932\/2019 estabeleceram a distribui\u00e7\u00e3o de lucros para os cotistas. Dessa forma, segundo o \u00f3rg\u00e3o, n\u00e3o \u00e9 mais poss\u00edvel afirmar que o emprego da TR gera remunera\u00e7\u00e3o menor que a infla\u00e7\u00e3o real.<\/p>\n<p>Fonte: Ag\u00eancia Brasil<\/p>\n","protected":false},"excerpt":{"rendered":"<p>O Supremo Tribunal Federal (STF) retoma\u00a0hoje (27) o julgamento sobre a legalidade da utiliza\u00e7\u00e3o da Taxa Referencial (TR) para corre\u00e7\u00e3o das contas do Fundo de&#8230;<\/p>\n","protected":false},"author":1527,"featured_media":45125,"comment_status":"closed","ping_status":"closed","sticky":false,"template":"","format":"standard","meta":{"footnotes":""},"categories":[6],"tags":[],"class_list":["post-45124","post","type-post","status-publish","format-standard","has-post-thumbnail","hentry","category-noticias"],"_links":{"self":[{"href":"https:\/\/www.sincomam.org.br\/index.php\/wp-json\/wp\/v2\/posts\/45124","targetHints":{"allow":["GET"]}}],"collection":[{"href":"https:\/\/www.sincomam.org.br\/index.php\/wp-json\/wp\/v2\/posts"}],"about":[{"href":"https:\/\/www.sincomam.org.br\/index.php\/wp-json\/wp\/v2\/types\/post"}],"author":[{"embeddable":true,"href":"https:\/\/www.sincomam.org.br\/index.php\/wp-json\/wp\/v2\/users\/1527"}],"replies":[{"embeddable":true,"href":"https:\/\/www.sincomam.org.br\/index.php\/wp-json\/wp\/v2\/comments?post=45124"}],"version-history":[{"count":1,"href":"https:\/\/www.sincomam.org.br\/index.php\/wp-json\/wp\/v2\/posts\/45124\/revisions"}],"predecessor-version":[{"id":45126,"href":"https:\/\/www.sincomam.org.br\/index.php\/wp-json\/wp\/v2\/posts\/45124\/revisions\/45126"}],"wp:featuredmedia":[{"embeddable":true,"href":"https:\/\/www.sincomam.org.br\/index.php\/wp-json\/wp\/v2\/media\/45125"}],"wp:attachment":[{"href":"https:\/\/www.sincomam.org.br\/index.php\/wp-json\/wp\/v2\/media?parent=45124"}],"wp:term":[{"taxonomy":"category","embeddable":true,"href":"https:\/\/www.sincomam.org.br\/index.php\/wp-json\/wp\/v2\/categories?post=45124"},{"taxonomy":"post_tag","embeddable":true,"href":"https:\/\/www.sincomam.org.br\/index.php\/wp-json\/wp\/v2\/tags?post=45124"}],"curies":[{"name":"wp","href":"https:\/\/api.w.org\/{rel}","templated":true}]}}