{"id":45056,"date":"2023-04-24T08:04:35","date_gmt":"2023-04-24T11:04:35","guid":{"rendered":"http:\/\/www.sincomam.org.br\/?p=45056"},"modified":"2023-04-24T08:04:35","modified_gmt":"2023-04-24T11:04:35","slug":"ministerio-da-saude-reafirma-seguranca-de-vacinas-contra-covid-19","status":"publish","type":"post","link":"https:\/\/www.sincomam.org.br\/index.php\/ministerio-da-saude-reafirma-seguranca-de-vacinas-contra-covid-19\/","title":{"rendered":"Minist\u00e9rio da Sa\u00fade reafirma seguran\u00e7a de vacinas contra covid-19"},"content":{"rendered":"<p>A ministra da Sa\u00fade, N\u00edsia Trindade, desmentiu, nesta quinta-feira (20), conte\u00fados de desinforma\u00e7\u00e3o sobre as vacinas Astrazeneca e Janssen contra covid-19. Not\u00edcias falsas\u00a0afirmam que o imunizante foi banido no Brasil e condenam os imunizantes. \u201cEsse epis\u00f3dio eu classifico como uma\u00a0<em>fake news<\/em>.\u00a0Na verdade, n\u00e3o h\u00e1 nenhuma recomenda\u00e7\u00e3o de n\u00e3o uso dessas vacinas. Ao contr\u00e1rio, s\u00e3o vacina eficazes&#8221;.<\/p>\n<p>N\u00edsia Trindade esclarece que houve uma recomenda\u00e7\u00e3o do Minist\u00e9rio da Sa\u00fade para que elas sejam usadas\u00a0na popula\u00e7\u00e3o que tem a partir\u00a0de 40 anos. \u201cNesse momento, eu reafirmo o que o minist\u00e9rio tem dito: todas as vacinas que tiveram a autoriza\u00e7\u00e3o de uso ou registro definitivo, que \u00e9 o caso da vacina Astrazeneca, s\u00e3o vacinas que oferecem seguran\u00e7a e que n\u00f3s indicamos a uma faixa et\u00e1ria onde h\u00e1 menos chances de eventos adversos, que s\u00e3o raros, mas\u00a0isso \u00e9 feito sempre considerando os momentos de uma epidemia e as vacina dispon\u00edveis. \u00c9 uma pr\u00e1tica que n\u00e3o tem nada de excepcional.\u201d<\/p>\n<p>A declara\u00e7\u00e3o foi dada a jornalistas, durante a\u00a0<a href=\"https:\/\/agenciabrasil.ebc.com.br\/saude\/noticia\/2023-04\/unicef-16-milhao-de-criancas-no-brasil-nao-receberam-vacina-dtp\" target=\"_blank\" rel=\"noopener\">divulga\u00e7\u00e3o do relat\u00f3rio<\/a>\u00a0do Fundo das Na\u00e7\u00f5es Unidas para a Inf\u00e2ncia (Unicef), em Bras\u00edlia, que aponta redu\u00e7\u00e3o na vacina\u00e7\u00e3o de crian\u00e7as entre 2019 e 2021.<\/p>\n<p><strong>Import\u00e2ncia da vacina\u00e7\u00e3o\u00a0<\/strong><\/p>\n<p>A ministra lembrou que todas as vacinas contra a covid-19 usadas no Brasil foram fundamentais para redu\u00e7\u00e3o da hospitaliza\u00e7\u00e3o e do n\u00famero de mortes pela doen\u00e7a.\u00a0\u00a0E destacou a \u201cimport\u00e2ncia da vacina\u00e7\u00e3o em todas as faixas et\u00e1rias, tal como preconizamos a vacina\u00e7\u00e3o infantil. A vacina\u00e7\u00e3o seguindo o calend\u00e1rio definido pelo Minist\u00e9rio da Sa\u00fade\u201d, finalizou a ministra.<\/p>\n<p><strong>Fiocruz\u00a0<\/strong><\/p>\n<p>Em\u00a0<a href=\"https:\/\/portal.fiocruz.br\/noticia\/fiocruz-esclarece-sobre-vacina-covid-19\" target=\"_blank\" rel=\"noopener\">nota<\/a>\u00a0divulgada em 14 de abril,\u00a0a Funda\u00e7\u00e3o Oswaldo Cruz (Fiocruz) veio a p\u00fablico desmentir informa\u00e7\u00f5es falsas que circulam h\u00e1 dias em redes sociais sobre Nota T\u00e9cnica publicada pelo Minist\u00e9rio da Sa\u00fade, em dezembro de 2022. \u201cCom a publica\u00e7\u00e3o da Nota T\u00e9cnica em quest\u00e3o [do Minist\u00e9rio da Sa\u00fade], as vacinas de vetor viral, que incluem o imunizante produzido pela Fiocruz, passaram a ser recomendadas preferencialmente para pessoas acima de 40 anos. N\u00e3o h\u00e1, portanto, contraindica\u00e7\u00e3o ou proibi\u00e7\u00e3o para o uso desta vacina para a faixa et\u00e1ria de 18 a 40 anos. O Minist\u00e9rio poder\u00e1 voltar a recomendar a vacina para essa faixa et\u00e1ria no futuro, se assim considerar necess\u00e1rio\u201d.<\/p>\n<p>Fonte: Ag\u00eancia Brasil<\/p>\n","protected":false},"excerpt":{"rendered":"<p>A ministra da Sa\u00fade, N\u00edsia Trindade, desmentiu, nesta quinta-feira (20), conte\u00fados de desinforma\u00e7\u00e3o sobre as vacinas Astrazeneca e Janssen contra covid-19. Not\u00edcias falsas\u00a0afirmam que o&#8230;<\/p>\n","protected":false},"author":1527,"featured_media":45057,"comment_status":"closed","ping_status":"closed","sticky":false,"template":"","format":"standard","meta":{"footnotes":""},"categories":[6],"tags":[],"class_list":["post-45056","post","type-post","status-publish","format-standard","has-post-thumbnail","hentry","category-noticias"],"_links":{"self":[{"href":"https:\/\/www.sincomam.org.br\/index.php\/wp-json\/wp\/v2\/posts\/45056","targetHints":{"allow":["GET"]}}],"collection":[{"href":"https:\/\/www.sincomam.org.br\/index.php\/wp-json\/wp\/v2\/posts"}],"about":[{"href":"https:\/\/www.sincomam.org.br\/index.php\/wp-json\/wp\/v2\/types\/post"}],"author":[{"embeddable":true,"href":"https:\/\/www.sincomam.org.br\/index.php\/wp-json\/wp\/v2\/users\/1527"}],"replies":[{"embeddable":true,"href":"https:\/\/www.sincomam.org.br\/index.php\/wp-json\/wp\/v2\/comments?post=45056"}],"version-history":[{"count":1,"href":"https:\/\/www.sincomam.org.br\/index.php\/wp-json\/wp\/v2\/posts\/45056\/revisions"}],"predecessor-version":[{"id":45058,"href":"https:\/\/www.sincomam.org.br\/index.php\/wp-json\/wp\/v2\/posts\/45056\/revisions\/45058"}],"wp:featuredmedia":[{"embeddable":true,"href":"https:\/\/www.sincomam.org.br\/index.php\/wp-json\/wp\/v2\/media\/45057"}],"wp:attachment":[{"href":"https:\/\/www.sincomam.org.br\/index.php\/wp-json\/wp\/v2\/media?parent=45056"}],"wp:term":[{"taxonomy":"category","embeddable":true,"href":"https:\/\/www.sincomam.org.br\/index.php\/wp-json\/wp\/v2\/categories?post=45056"},{"taxonomy":"post_tag","embeddable":true,"href":"https:\/\/www.sincomam.org.br\/index.php\/wp-json\/wp\/v2\/tags?post=45056"}],"curies":[{"name":"wp","href":"https:\/\/api.w.org\/{rel}","templated":true}]}}