{"id":45050,"date":"2023-04-24T07:14:41","date_gmt":"2023-04-24T10:14:41","guid":{"rendered":"http:\/\/www.sincomam.org.br\/?p=45050"},"modified":"2023-04-24T07:14:41","modified_gmt":"2023-04-24T10:14:41","slug":"marinha-apreende-madeira-ilegal-durante-operacao-no-para","status":"publish","type":"post","link":"https:\/\/www.sincomam.org.br\/index.php\/marinha-apreende-madeira-ilegal-durante-operacao-no-para\/","title":{"rendered":"Marinha apreende madeira ilegal durante opera\u00e7\u00e3o no Par\u00e1"},"content":{"rendered":"<p class=\"rtejustify\">A Marinha do Brasil apreendeu 243m\u00b3 de madeira, durante opera\u00e7\u00e3o realizada neste s\u00e1bado (22), na regi\u00e3o dos Estreitos, em Portel, no Arquip\u00e9lago do Maraj\u00f3 (PA). As toras serradas de jatob\u00e1, ita\u00faba e ma\u00e7aranduba foram avaliadas em R$ 400 mil, por servidores da Secretaria Municipal de Meio Ambiente de Portel, que atestaram irregularidades na origem da madeira.<\/p>\n<p class=\"rtejustify\">A carga estava a bordo de um ferry boat. A embarca\u00e7\u00e3o tamb\u00e9m foi notificada por infra\u00e7\u00e3o ao Regulamento de Seguran\u00e7a do Tr\u00e1fego Aquavi\u00e1rio, pois transportava carga sem o devido acondicionamento. A apreens\u00e3o foi realizada pela tripula\u00e7\u00e3o do Aviso Auxiliar \u201cBreves\u201d, que atua em conjunto com uma Lancha de A\u00e7\u00e3o R\u00e1pida do Grupo de Embarca\u00e7\u00f5es de Opera\u00e7\u00f5es Ribeirinhas do Norte, ambos subordinados ao Comando do Grupamento de Patrulha Naval do Norte.<\/p>\n<p class=\"rtejustify\">\u201cA Marinha do Brasil, representada na regi\u00e3o pelo Comando do 4\u00ba Distrito Naval, realiza periodicamente a\u00e7\u00f5es preventivas e repressivas contra delitos transfronteiri\u00e7os e ambientais, dentre outros praticados na regi\u00e3o, assim como contribui para a manuten\u00e7\u00e3o e o incremento da seguran\u00e7a do tr\u00e1fego aquavi\u00e1rio em sua \u00e1rea de jurisdi\u00e7\u00e3o\u201d, afirma o Capit\u00e3o de Mar e Guerra Ondiara Barbosa, Comandante do Grupamento de Patrulha Naval do Norte.<\/p>\n<p>Fonte: Ag\u00eancia Marinha de Not\u00edcias<\/p>\n","protected":false},"excerpt":{"rendered":"<p>A Marinha do Brasil apreendeu 243m\u00b3 de madeira, durante opera\u00e7\u00e3o realizada neste s\u00e1bado (22), na regi\u00e3o dos Estreitos, em Portel, no Arquip\u00e9lago do Maraj\u00f3 (PA)&#8230;.<\/p>\n","protected":false},"author":1527,"featured_media":45051,"comment_status":"closed","ping_status":"closed","sticky":false,"template":"","format":"standard","meta":{"footnotes":""},"categories":[6],"tags":[],"class_list":["post-45050","post","type-post","status-publish","format-standard","has-post-thumbnail","hentry","category-noticias"],"_links":{"self":[{"href":"https:\/\/www.sincomam.org.br\/index.php\/wp-json\/wp\/v2\/posts\/45050","targetHints":{"allow":["GET"]}}],"collection":[{"href":"https:\/\/www.sincomam.org.br\/index.php\/wp-json\/wp\/v2\/posts"}],"about":[{"href":"https:\/\/www.sincomam.org.br\/index.php\/wp-json\/wp\/v2\/types\/post"}],"author":[{"embeddable":true,"href":"https:\/\/www.sincomam.org.br\/index.php\/wp-json\/wp\/v2\/users\/1527"}],"replies":[{"embeddable":true,"href":"https:\/\/www.sincomam.org.br\/index.php\/wp-json\/wp\/v2\/comments?post=45050"}],"version-history":[{"count":1,"href":"https:\/\/www.sincomam.org.br\/index.php\/wp-json\/wp\/v2\/posts\/45050\/revisions"}],"predecessor-version":[{"id":45052,"href":"https:\/\/www.sincomam.org.br\/index.php\/wp-json\/wp\/v2\/posts\/45050\/revisions\/45052"}],"wp:featuredmedia":[{"embeddable":true,"href":"https:\/\/www.sincomam.org.br\/index.php\/wp-json\/wp\/v2\/media\/45051"}],"wp:attachment":[{"href":"https:\/\/www.sincomam.org.br\/index.php\/wp-json\/wp\/v2\/media?parent=45050"}],"wp:term":[{"taxonomy":"category","embeddable":true,"href":"https:\/\/www.sincomam.org.br\/index.php\/wp-json\/wp\/v2\/categories?post=45050"},{"taxonomy":"post_tag","embeddable":true,"href":"https:\/\/www.sincomam.org.br\/index.php\/wp-json\/wp\/v2\/tags?post=45050"}],"curies":[{"name":"wp","href":"https:\/\/api.w.org\/{rel}","templated":true}]}}