{"id":45035,"date":"2023-04-20T09:47:12","date_gmt":"2023-04-20T12:47:12","guid":{"rendered":"http:\/\/www.sincomam.org.br\/?p=45035"},"modified":"2023-04-20T09:47:12","modified_gmt":"2023-04-20T12:47:12","slug":"agu-defende-extincao-de-acao-sobre-correcao-do-fgts","status":"publish","type":"post","link":"https:\/\/www.sincomam.org.br\/index.php\/agu-defende-extincao-de-acao-sobre-correcao-do-fgts\/","title":{"rendered":"AGU defende extin\u00e7\u00e3o de a\u00e7\u00e3o sobre corre\u00e7\u00e3o do FGTS"},"content":{"rendered":"<p>A Advocacia-Geral da Uni\u00e3o (AGU) defendeu no Supremo Tribunal Federal (STF) a extin\u00e7\u00e3o da a\u00e7\u00e3o que questiona o uso da Taxa Referencial (TR) para fazer a corre\u00e7\u00e3o das contas do Fundo de Garantia do Tempo de Servi\u00e7o (FGTS). O caso ser\u00e1 julgado amanh\u00e3 (20) pela Corte.<\/p>\n<p>Na manifesta\u00e7\u00e3o enviada nesta quarta-feira ao STF, a AGU argumenta que as leis 13.446\/2017 e 13.932\/2019 estabeleceram a distribui\u00e7\u00e3o de lucros para os cotistas. Segundo \u00f3rg\u00e3o, as contas passaram a ser corrigidas com juros de 3% ao ano, o acr\u00e9scimo da distribui\u00e7\u00e3o, al\u00e9m da corre\u00e7\u00e3o pela TR. Por isso, n\u00e3o deve prosperar o argumento de que a remunera\u00e7\u00e3o d\u00e1 preju\u00edzo aos trabalhadores.<\/p>\n<p>&#8220;A altera\u00e7\u00e3o legislativa mencionada atinge o n\u00facleo do objeto, porque j\u00e1 n\u00e3o \u00e9 mais poss\u00edvel afirmar, a partir dela, que a remunera\u00e7\u00e3o do correntista seja aquela indicada na peti\u00e7\u00e3o inicial, que o autor entende inadequada.&#8221;<\/p>\n<p>O Supremo vai julgar uma a\u00e7\u00e3o protocolada pelo partido Solidariedade. Os ministros podem determinar que os valores nas contas do FGTS deveriam ter sido corrigidos sempre pela infla\u00e7\u00e3o, e n\u00e3o pela Taxa Referencial (TR), como ocorre desde o in\u00edcio dos anos 1990. A a\u00e7\u00e3o tramita desde 2014.<\/p>\n<p>Desde 2019, o andamento de todos os processos sobre o assunto est\u00e1 suspenso em todo o pa\u00eds por decis\u00e3o do ministro Lu\u00eds Roberto Barroso, relator do assunto no Supremo. Ele tomou a decis\u00e3o depois que o Superior Tribunal de Justi\u00e7a (STJ) decidiu, em 2018, depois de receber milhares de recursos, unificar o entendimento e manter a TR como \u00edndice de corre\u00e7\u00e3o do FGTS, em decis\u00e3o desfavor\u00e1vel aos trabalhadores.<\/p>\n<p>No in\u00edcio da noite, o ministro do Trabalho e Emprego, Luiz Marinho, e o advogado-geral da Uni\u00e3o, Jorge Messias, participaram de uma reuni\u00e3o com a presidente do STF, ministra Rosa Weber, para tratar do julgamento do processo. Eles n\u00e3o falaram com a imprensa ap\u00f3s a reuni\u00e3o.<\/p>\n<p>Fonte: Ag\u00eancia Brasil<\/p>\n","protected":false},"excerpt":{"rendered":"<p>A Advocacia-Geral da Uni\u00e3o (AGU) defendeu no Supremo Tribunal Federal (STF) a extin\u00e7\u00e3o da a\u00e7\u00e3o que questiona o uso da Taxa Referencial (TR) para fazer&#8230;<\/p>\n","protected":false},"author":1527,"featured_media":45036,"comment_status":"closed","ping_status":"closed","sticky":false,"template":"","format":"standard","meta":{"footnotes":""},"categories":[6],"tags":[],"class_list":["post-45035","post","type-post","status-publish","format-standard","has-post-thumbnail","hentry","category-noticias"],"_links":{"self":[{"href":"https:\/\/www.sincomam.org.br\/index.php\/wp-json\/wp\/v2\/posts\/45035","targetHints":{"allow":["GET"]}}],"collection":[{"href":"https:\/\/www.sincomam.org.br\/index.php\/wp-json\/wp\/v2\/posts"}],"about":[{"href":"https:\/\/www.sincomam.org.br\/index.php\/wp-json\/wp\/v2\/types\/post"}],"author":[{"embeddable":true,"href":"https:\/\/www.sincomam.org.br\/index.php\/wp-json\/wp\/v2\/users\/1527"}],"replies":[{"embeddable":true,"href":"https:\/\/www.sincomam.org.br\/index.php\/wp-json\/wp\/v2\/comments?post=45035"}],"version-history":[{"count":1,"href":"https:\/\/www.sincomam.org.br\/index.php\/wp-json\/wp\/v2\/posts\/45035\/revisions"}],"predecessor-version":[{"id":45037,"href":"https:\/\/www.sincomam.org.br\/index.php\/wp-json\/wp\/v2\/posts\/45035\/revisions\/45037"}],"wp:featuredmedia":[{"embeddable":true,"href":"https:\/\/www.sincomam.org.br\/index.php\/wp-json\/wp\/v2\/media\/45036"}],"wp:attachment":[{"href":"https:\/\/www.sincomam.org.br\/index.php\/wp-json\/wp\/v2\/media?parent=45035"}],"wp:term":[{"taxonomy":"category","embeddable":true,"href":"https:\/\/www.sincomam.org.br\/index.php\/wp-json\/wp\/v2\/categories?post=45035"},{"taxonomy":"post_tag","embeddable":true,"href":"https:\/\/www.sincomam.org.br\/index.php\/wp-json\/wp\/v2\/tags?post=45035"}],"curies":[{"name":"wp","href":"https:\/\/api.w.org\/{rel}","templated":true}]}}