{"id":45029,"date":"2023-04-20T08:26:38","date_gmt":"2023-04-20T11:26:38","guid":{"rendered":"http:\/\/www.sincomam.org.br\/?p=45029"},"modified":"2023-04-20T08:26:38","modified_gmt":"2023-04-20T11:26:38","slug":"marinha-do-brasil-participa-do-1o-forum-de-desenvolvimento-da-economia-azul-rs","status":"publish","type":"post","link":"https:\/\/www.sincomam.org.br\/index.php\/marinha-do-brasil-participa-do-1o-forum-de-desenvolvimento-da-economia-azul-rs\/","title":{"rendered":"Marinha do Brasil participa do 1\u00ba F\u00f3rum de Desenvolvimento da Economia Azul RS"},"content":{"rendered":"<p>A cidade do Rio Grande sediou, entre os dias 3, 4 e 5 de abril, o 1\u00ba F\u00f3rum de Desenvolvimento da Economia Azul RS com a tem\u00e1tica \u201cO futuro est\u00e1 no mar\u201d. O evento, realizado na C\u00e2mara de Com\u00e9rcio da cidade do Rio Grande-RS, teve como palestra de abertura a apresenta\u00e7\u00e3o do Comandante do 5\u00ba Distrito Naval, Vice-Almirante S\u00edlvio Lu\u00eds, sobre o tema \u201cMentalidade Mar\u00edtima\u201d.<\/p>\n<p>A Marinha do Brasil tamb\u00e9m esteve representada pelo Secret\u00e1rio da Comiss\u00e3o Interministerial para os Recursos do Mar, Contra-Almirante Linhares, e pelo Subchefe de Assuntos Mar\u00edtimos do Estado-Maior da Armada, Contra-Almirante Zampieri, que participaram do Painel \u201cPlanejamento Espacial Marinho, Pol\u00edtica Mar\u00edtima Nacional e Economia Azul\u201d.<\/p>\n<p class=\" aBigClassNameToAvoidCollisionInText\">Entre os prop\u00f3sitos do evento constaram os seguintes temas: desenvolvimento da Economia Azul no Rio Grande do Sul; utiliza\u00e7\u00e3o sustent\u00e1vel das vias naveg\u00e1veis aliando o desenvolvimento com preserva\u00e7\u00e3o; alternativas para o uso adequado do mar e de seus recursos; e oportunidades de novos neg\u00f3cios nos setores que comp\u00f5em a Economia Azul com seus p\u00fablicos, visando contribuir para o desenvolvimento do RS de forma sustent\u00e1vel. O p\u00fablico-alvo foi composto por empres\u00e1rios, gestores p\u00fablicos, pesquisadores e comunidade da regi\u00e3o sul ga\u00facha. A realiza\u00e7\u00e3o do F\u00f3rum foi da C\u00e2mara de Dirigentes Lojistas do Rio Grande, APL Mar\u00edtimo RS, Portos RS e Governo do RS.<\/p>\n<p>Na medida em que o referido F\u00f3rum congregou representantes do Governo, Academia, Setor Privado e Sociedade Civil Organizada (qu\u00e1drupla h\u00e9lice), considera-se que o evento foi exitoso e, assim, fortalecer\u00e1 todas as quest\u00f5es atinentes ao Poder Mar\u00edtimo na macro-regi\u00e3o ga\u00facha.<\/p>\n<p>Fonte: Defesa em Foco<\/p>\n","protected":false},"excerpt":{"rendered":"<p>A cidade do Rio Grande sediou, entre os dias 3, 4 e 5 de abril, o 1\u00ba F\u00f3rum de Desenvolvimento da Economia Azul RS com&#8230;<\/p>\n","protected":false},"author":1527,"featured_media":45030,"comment_status":"closed","ping_status":"closed","sticky":false,"template":"","format":"standard","meta":{"footnotes":""},"categories":[6],"tags":[],"class_list":["post-45029","post","type-post","status-publish","format-standard","has-post-thumbnail","hentry","category-noticias"],"_links":{"self":[{"href":"https:\/\/www.sincomam.org.br\/index.php\/wp-json\/wp\/v2\/posts\/45029","targetHints":{"allow":["GET"]}}],"collection":[{"href":"https:\/\/www.sincomam.org.br\/index.php\/wp-json\/wp\/v2\/posts"}],"about":[{"href":"https:\/\/www.sincomam.org.br\/index.php\/wp-json\/wp\/v2\/types\/post"}],"author":[{"embeddable":true,"href":"https:\/\/www.sincomam.org.br\/index.php\/wp-json\/wp\/v2\/users\/1527"}],"replies":[{"embeddable":true,"href":"https:\/\/www.sincomam.org.br\/index.php\/wp-json\/wp\/v2\/comments?post=45029"}],"version-history":[{"count":1,"href":"https:\/\/www.sincomam.org.br\/index.php\/wp-json\/wp\/v2\/posts\/45029\/revisions"}],"predecessor-version":[{"id":45031,"href":"https:\/\/www.sincomam.org.br\/index.php\/wp-json\/wp\/v2\/posts\/45029\/revisions\/45031"}],"wp:featuredmedia":[{"embeddable":true,"href":"https:\/\/www.sincomam.org.br\/index.php\/wp-json\/wp\/v2\/media\/45030"}],"wp:attachment":[{"href":"https:\/\/www.sincomam.org.br\/index.php\/wp-json\/wp\/v2\/media?parent=45029"}],"wp:term":[{"taxonomy":"category","embeddable":true,"href":"https:\/\/www.sincomam.org.br\/index.php\/wp-json\/wp\/v2\/categories?post=45029"},{"taxonomy":"post_tag","embeddable":true,"href":"https:\/\/www.sincomam.org.br\/index.php\/wp-json\/wp\/v2\/tags?post=45029"}],"curies":[{"name":"wp","href":"https:\/\/api.w.org\/{rel}","templated":true}]}}