{"id":45014,"date":"2023-04-19T07:56:00","date_gmt":"2023-04-19T10:56:00","guid":{"rendered":"http:\/\/www.sincomam.org.br\/?p=45014"},"modified":"2023-04-19T07:56:00","modified_gmt":"2023-04-19T10:56:00","slug":"log-in-anuncia-servico-de-cabotagem-expresso-entre-manaus-e-o-porto-de-santos","status":"publish","type":"post","link":"https:\/\/www.sincomam.org.br\/index.php\/log-in-anuncia-servico-de-cabotagem-expresso-entre-manaus-e-o-porto-de-santos\/","title":{"rendered":"Log-In anuncia servi\u00e7o de cabotagem expresso entre Manaus e o Porto de Santos"},"content":{"rendered":"<p>A\u00a0Log-In\u00a0(LOGN3) anunciou, nesta semana, que passar\u00e1 a operar um servi\u00e7o expresso de cabotagem ligando os portos de Manaus\u00a0(AM) e\u00a0Santos\u00a0(SP), com o objetivo de atender \u00e0s\u00a0demandas log\u00edsticas\u00a0da Regi\u00e3o Norte, sobretudo, as do Polo Industrial de Manaus.<\/p>\n<p>Segundo o comunicado divulgado ap\u00f3s o fechamento do mercado, o servi\u00e7o come\u00e7ar\u00e1 no segundo trimestre e contar\u00e1 com dois navios afretados, com sa\u00eddas quinzenais e que devem reduzir o tempo de transporte de cargas entre Manaus e Santos para cerca de nove dias.<\/p>\n<p>Na rota para o Norte, haver\u00e1 escalas nos portos de Navegantes (SC), Salvador (BA), Suape (PE) e Pec\u00e9m (CE).<\/p>\n<p>Fonte: Money Times<\/p>\n","protected":false},"excerpt":{"rendered":"<p>A\u00a0Log-In\u00a0(LOGN3) anunciou, nesta semana, que passar\u00e1 a operar um servi\u00e7o expresso de cabotagem ligando os portos de Manaus\u00a0(AM) e\u00a0Santos\u00a0(SP), com o objetivo de atender \u00e0s\u00a0demandas&#8230;<\/p>\n","protected":false},"author":1527,"featured_media":6060,"comment_status":"closed","ping_status":"closed","sticky":false,"template":"","format":"standard","meta":{"footnotes":""},"categories":[6],"tags":[],"class_list":["post-45014","post","type-post","status-publish","format-standard","has-post-thumbnail","hentry","category-noticias"],"_links":{"self":[{"href":"https:\/\/www.sincomam.org.br\/index.php\/wp-json\/wp\/v2\/posts\/45014","targetHints":{"allow":["GET"]}}],"collection":[{"href":"https:\/\/www.sincomam.org.br\/index.php\/wp-json\/wp\/v2\/posts"}],"about":[{"href":"https:\/\/www.sincomam.org.br\/index.php\/wp-json\/wp\/v2\/types\/post"}],"author":[{"embeddable":true,"href":"https:\/\/www.sincomam.org.br\/index.php\/wp-json\/wp\/v2\/users\/1527"}],"replies":[{"embeddable":true,"href":"https:\/\/www.sincomam.org.br\/index.php\/wp-json\/wp\/v2\/comments?post=45014"}],"version-history":[{"count":1,"href":"https:\/\/www.sincomam.org.br\/index.php\/wp-json\/wp\/v2\/posts\/45014\/revisions"}],"predecessor-version":[{"id":45015,"href":"https:\/\/www.sincomam.org.br\/index.php\/wp-json\/wp\/v2\/posts\/45014\/revisions\/45015"}],"wp:featuredmedia":[{"embeddable":true,"href":"https:\/\/www.sincomam.org.br\/index.php\/wp-json\/wp\/v2\/media\/6060"}],"wp:attachment":[{"href":"https:\/\/www.sincomam.org.br\/index.php\/wp-json\/wp\/v2\/media?parent=45014"}],"wp:term":[{"taxonomy":"category","embeddable":true,"href":"https:\/\/www.sincomam.org.br\/index.php\/wp-json\/wp\/v2\/categories?post=45014"},{"taxonomy":"post_tag","embeddable":true,"href":"https:\/\/www.sincomam.org.br\/index.php\/wp-json\/wp\/v2\/tags?post=45014"}],"curies":[{"name":"wp","href":"https:\/\/api.w.org\/{rel}","templated":true}]}}