{"id":44927,"date":"2023-04-14T09:26:40","date_gmt":"2023-04-14T12:26:40","guid":{"rendered":"http:\/\/www.sincomam.org.br\/?p=44927"},"modified":"2023-04-14T09:26:40","modified_gmt":"2023-04-14T12:26:40","slug":"pf-investiga-vazamento-de-nafta-no-porto-de-paranagua","status":"publish","type":"post","link":"https:\/\/www.sincomam.org.br\/index.php\/pf-investiga-vazamento-de-nafta-no-porto-de-paranagua\/","title":{"rendered":"PF investiga vazamento de nafta no Porto de Paranagu\u00e1"},"content":{"rendered":"<p>A Pol\u00edcia Federal (PF) deflagrou nesta quinta-feira (13) a Opera\u00e7\u00e3o \u00c1guas Carij\u00f3 para investigar vazamentos de nafta ocorridos no terminal mar\u00edtimo Terin, no Porto de Paranagu\u00e1 (PR). Segundo a administradora do porto,\u00a0 foram identificados, at\u00e9 o momento, dois pontos de rompimento em uma tubula\u00e7\u00e3o.<\/p>\n<p>O primeiro vazamento foi identificado na noite de domingo (9). Ontem (12), a Portos do Paran\u00e1, empresa p\u00fablica respons\u00e1vel pelo complexo portu\u00e1rio informou ter identificado mais um ponto de vazamento. O complexo \u00e9 formado pelos portos de Paranagu\u00e1 e Antonina.<\/p>\n<p>Uma equipe de t\u00e9cnicos da empresa Terin inicia hoje a picagem da tubula\u00e7\u00e3o \u2013 procedimento que usa uma espuma espec\u00edfica para limpeza.<\/p>\n<p>A nafta \u00e9 um composto derivado do petr\u00f3leo que serve de mat\u00e9ria-prima para ind\u00fastrias do ramo petroqu\u00edmico, usada na fabrica\u00e7\u00e3o de subst\u00e2ncias como eteno, benzeno, propeno, tolueno e xilenos.<\/p>\n<h2>Investiga\u00e7\u00e3o<\/h2>\n<p>A investiga\u00e7\u00e3o iniciada hoje pretende esclarecer as causas do desastre ambiental cujas consequ\u00eancias ainda n\u00e3o foram dimensionadas, diz a PF, que cumpriu mandado de busca e apreens\u00e3o no navio respons\u00e1vel pelo transporte e bombeamento do combust\u00edvel que vazou \u201cem grande quantidade\u201d.<\/p>\n<p>\u201cO vazamento ocorreu no momento da opera\u00e7\u00e3o de descarregamento, que \u00e9 feita por meio de bombeamento do produto por tubula\u00e7\u00f5es\u201d, detalhou a PF \u2013 que j\u00e1 coletou &#8220;documentos e informa\u00e7\u00f5es que ajudar\u00e3o a reconstituir e compreender o evento\u201d, com o prop\u00f3sito de identificar se o vazamento foi em decorr\u00eancia de \u201calgum tipo de a\u00e7\u00e3o criminosa ou neglig\u00eancia\u201d.<\/p>\n<p>Em nota, a Portos do Paran\u00e1 informa que a opera\u00e7\u00e3o de navios no P\u00eder P\u00fablico de Gran\u00e9is L\u00edquidos est\u00e1 liberada, assim como o acesso rodovi\u00e1rio aos terminais que operam nas \u201c\u00e1reas de abrang\u00eancia da emerg\u00eancia\u201d.<\/p>\n<p>A Ag\u00eancia Nacional de Transportes Aquavi\u00e1rios (Antaq) diz que acompanha as a\u00e7\u00f5es no terminal e que as opera\u00e7\u00f5es mar\u00edtimas est\u00e3o regularizadas.<\/p>\n<p>Fonte: Ag\u00eancia Brasil<\/p>\n","protected":false},"excerpt":{"rendered":"<p>A Pol\u00edcia Federal (PF) deflagrou nesta quinta-feira (13) a Opera\u00e7\u00e3o \u00c1guas Carij\u00f3 para investigar vazamentos de nafta ocorridos no terminal mar\u00edtimo Terin, no Porto de&#8230;<\/p>\n","protected":false},"author":1527,"featured_media":44928,"comment_status":"closed","ping_status":"closed","sticky":false,"template":"","format":"standard","meta":{"footnotes":""},"categories":[6],"tags":[],"class_list":["post-44927","post","type-post","status-publish","format-standard","has-post-thumbnail","hentry","category-noticias"],"_links":{"self":[{"href":"https:\/\/www.sincomam.org.br\/index.php\/wp-json\/wp\/v2\/posts\/44927","targetHints":{"allow":["GET"]}}],"collection":[{"href":"https:\/\/www.sincomam.org.br\/index.php\/wp-json\/wp\/v2\/posts"}],"about":[{"href":"https:\/\/www.sincomam.org.br\/index.php\/wp-json\/wp\/v2\/types\/post"}],"author":[{"embeddable":true,"href":"https:\/\/www.sincomam.org.br\/index.php\/wp-json\/wp\/v2\/users\/1527"}],"replies":[{"embeddable":true,"href":"https:\/\/www.sincomam.org.br\/index.php\/wp-json\/wp\/v2\/comments?post=44927"}],"version-history":[{"count":1,"href":"https:\/\/www.sincomam.org.br\/index.php\/wp-json\/wp\/v2\/posts\/44927\/revisions"}],"predecessor-version":[{"id":44929,"href":"https:\/\/www.sincomam.org.br\/index.php\/wp-json\/wp\/v2\/posts\/44927\/revisions\/44929"}],"wp:featuredmedia":[{"embeddable":true,"href":"https:\/\/www.sincomam.org.br\/index.php\/wp-json\/wp\/v2\/media\/44928"}],"wp:attachment":[{"href":"https:\/\/www.sincomam.org.br\/index.php\/wp-json\/wp\/v2\/media?parent=44927"}],"wp:term":[{"taxonomy":"category","embeddable":true,"href":"https:\/\/www.sincomam.org.br\/index.php\/wp-json\/wp\/v2\/categories?post=44927"},{"taxonomy":"post_tag","embeddable":true,"href":"https:\/\/www.sincomam.org.br\/index.php\/wp-json\/wp\/v2\/tags?post=44927"}],"curies":[{"name":"wp","href":"https:\/\/api.w.org\/{rel}","templated":true}]}}