{"id":4490,"date":"2014-03-26T09:05:13","date_gmt":"2014-03-26T12:05:13","guid":{"rendered":"http:\/\/www.sincomam.org.br\/?p=4490"},"modified":"2014-03-26T09:05:13","modified_gmt":"2014-03-26T12:05:13","slug":"edital-para-dragagem-do-porto-de-maceio-sera-lancado-em-julho","status":"publish","type":"post","link":"https:\/\/www.sincomam.org.br\/index.php\/edital-para-dragagem-do-porto-de-maceio-sera-lancado-em-julho\/","title":{"rendered":"Edital para dragagem do Porto de Macei\u00f3 ser\u00e1 lan\u00e7ado em julho"},"content":{"rendered":"<p>Na \u00faltima segunda feira, dia 24, o ministro da Secretaria de Portos, Ant\u00f4nio Henrique Silveira, anunciou que o edital de licita\u00e7\u00e3o das obras de dragagem de aprofundamento do canal do porto ser\u00e1 lan\u00e7ado em julho, com assinatura do contrato em agosto.<\/p>\n<p>Atualmente, a profundidade est\u00e1 em torno de 10 metros. De acordo com Silveira, que foi a Macei\u00f3 a convite da Administra\u00e7\u00e3o do Porto, a meta \u00e9 de que o aprofundamento alcance, pelo menos, 12,5 metros, j\u00e1 no final do ano.<\/p>\n<p>\u201cA dragagem permitir\u00e1 que o porto receba navios de maior calado, al\u00e9m de aumentar a movimenta\u00e7\u00e3o tanto de gran\u00e9is agr\u00edcolas quanto das plataformas de apoio\u201d, disse o ministro.<\/p>\n<p>A estimativa da SEP \u00e9 de que as obras impliquem em um aumento de 20% a 30% da capacidade dos navios que atracam no porto &#8211; mais de 90% das exporta\u00e7\u00f5es por Macei\u00f3 s\u00e3o de a\u00e7\u00facar. \u201cUm aumento de calado de 20% nos d\u00e1 um aumento de carga tamb\u00e9m de 20% a 30%\u201d, avaliou Silveira. Mais de 90% das exporta\u00e7\u00f5es do porto s\u00e3o de a\u00e7\u00facar.<\/p>\n<p>Al\u00e9m das obras de dragagem, que abrem oportunidade de investimentos portu\u00e1rios, o ministro disse que a SEP iniciou estudos para viabilizar a implanta\u00e7\u00e3o de um terminal tur\u00edstico no Estado.<\/p>\n<p>Ele esclareceu que ainda n\u00e3o h\u00e1 um direcionamento da localiza\u00e7\u00e3o, do tamanho do empreendimento e dos recursos necess\u00e1rios, mas adiantou que a SEP est\u00e1 empenhada em desenvolver o projeto.<\/p>\n<p>Uma das alternativas para implanta\u00e7\u00e3o do terminal seriam os arrendamentos de \u00e1reas no Porto de Macei\u00f3. Antonio Henrique Silveira afirmou que a partir da licita\u00e7\u00e3o do terceiro lote do programa de arrendamentos, no qual aquele porto est\u00e1 inserido, seria poss\u00edvel construir o terminal.<\/p>\n<p>De acordo com o ministro, o terceiro lote deve entrar em consulta p\u00fablica em cerca de um m\u00eas e quinze dias. Com a licita\u00e7\u00e3o de \u00e1reas dentro do porto, o terminal poderia ser explorado pela iniciativa privada.<\/p>\n<p>Ainda sobre oportunidades de neg\u00f3cios portu\u00e1rios no Estado, o ministro lembrou que est\u00e1 previsto investimento de R$ 1 milh\u00e3o em equipamentos de seguran\u00e7a para o Porto de Macei\u00f3. \u201cAcreditamos que o porto continuar\u00e1 rendendo muito bem\u201d.<\/p>\n<p>Fonte: SEP<\/p>\n","protected":false},"excerpt":{"rendered":"<p>Na \u00faltima segunda feira, dia 24, o ministro da Secretaria de Portos, Ant\u00f4nio Henrique Silveira, anunciou que o edital de licita\u00e7\u00e3o das obras de dragagem&#8230;<\/p>\n","protected":false},"author":1182,"featured_media":4044,"comment_status":"closed","ping_status":"closed","sticky":false,"template":"","format":"standard","meta":{"footnotes":""},"categories":[6],"tags":[2747,824,157],"class_list":["post-4490","post","type-post","status-publish","format-standard","has-post-thumbnail","hentry","category-noticias","tag-dragagem","tag-porto-de-maceio","tag-sep"],"_links":{"self":[{"href":"https:\/\/www.sincomam.org.br\/index.php\/wp-json\/wp\/v2\/posts\/4490","targetHints":{"allow":["GET"]}}],"collection":[{"href":"https:\/\/www.sincomam.org.br\/index.php\/wp-json\/wp\/v2\/posts"}],"about":[{"href":"https:\/\/www.sincomam.org.br\/index.php\/wp-json\/wp\/v2\/types\/post"}],"author":[{"embeddable":true,"href":"https:\/\/www.sincomam.org.br\/index.php\/wp-json\/wp\/v2\/users\/1182"}],"replies":[{"embeddable":true,"href":"https:\/\/www.sincomam.org.br\/index.php\/wp-json\/wp\/v2\/comments?post=4490"}],"version-history":[{"count":1,"href":"https:\/\/www.sincomam.org.br\/index.php\/wp-json\/wp\/v2\/posts\/4490\/revisions"}],"predecessor-version":[{"id":4491,"href":"https:\/\/www.sincomam.org.br\/index.php\/wp-json\/wp\/v2\/posts\/4490\/revisions\/4491"}],"wp:featuredmedia":[{"embeddable":true,"href":"https:\/\/www.sincomam.org.br\/index.php\/wp-json\/wp\/v2\/media\/4044"}],"wp:attachment":[{"href":"https:\/\/www.sincomam.org.br\/index.php\/wp-json\/wp\/v2\/media?parent=4490"}],"wp:term":[{"taxonomy":"category","embeddable":true,"href":"https:\/\/www.sincomam.org.br\/index.php\/wp-json\/wp\/v2\/categories?post=4490"},{"taxonomy":"post_tag","embeddable":true,"href":"https:\/\/www.sincomam.org.br\/index.php\/wp-json\/wp\/v2\/tags?post=4490"}],"curies":[{"name":"wp","href":"https:\/\/api.w.org\/{rel}","templated":true}]}}