{"id":44898,"date":"2023-04-13T01:08:37","date_gmt":"2023-04-13T04:08:37","guid":{"rendered":"http:\/\/www.sincomam.org.br\/?p=44898"},"modified":"2023-04-13T01:08:37","modified_gmt":"2023-04-13T04:08:37","slug":"diretor-geral-da-antaq-afirma-que-agencia-dara-foco-a-agenda-hidroviaria","status":"publish","type":"post","link":"https:\/\/www.sincomam.org.br\/index.php\/diretor-geral-da-antaq-afirma-que-agencia-dara-foco-a-agenda-hidroviaria\/","title":{"rendered":"Diretor-geral da Antaq afirma que ag\u00eancia dar\u00e1 foco a agenda hidrovi\u00e1ria"},"content":{"rendered":"<p>O diretor-geral da Ag\u00eancia Nacional de Transportes Aquavi\u00e1rios (Antaq), Eduardo Nery, afirmou que a autarquia dar\u00e1 prioridade \u00e0 agenda hidrovi\u00e1ria do pa\u00eds. O objetivo \u00e9 fazer com que o modal, al\u00e9m de promover a intermodalidade, equilibre a matriz de transportes do pa\u00eds.<\/p>\n<p>A fala aconteceu durante o painel \u201cTransporte e Log\u00edstica\u201d no F\u00f3rum da Associa\u00e7\u00e3o Brasileira da Infraestrutura e Ind\u00fastrias de Base (ABDIB), nesta quarta-feira (12). Segundo Nery, o entendimento da necessidade de viabilizar as hidrovias brasileiras \u00e9 compartilhado pelo ministro de Portos e Aeroportos, M\u00e1rcio Fran\u00e7a. Al\u00e9m disso, os estudos j\u00e1 v\u00eam sendo feitos em parceria com a pasta que possibilitar\u00e3o concess\u00f5es hidrovi\u00e1rias.<\/p>\n<p>\u201c\u00c9 necess\u00e1rio expandir a nossa infraestrutura hidrovi\u00e1ria. Fico feliz que a busca dessa expans\u00e3o tamb\u00e9m \u00e9 uma agenda priorit\u00e1ria do ministro M\u00e1rcio Fran\u00e7a. Temos uma s\u00e9rie de estudos com o minist\u00e9rio para podermos destravar essa pauta t\u00e3o importante para o pa\u00eds\u201d, disse. O diretor-geral acrescentou que a hidrovia \u00e9 a \u00faltima fronteira de desenvolvimento da infraestrutura. &#8220;Ela possibilita que tenhamos a nossa matriz de transporte equilibrada, al\u00e9m de dar maior vaz\u00e3o \u00e0s nossas commodities agr\u00edcolas\u201d, falou.<\/p>\n<p><strong>Concess\u00f5es<\/strong><\/p>\n<p>Ainda durante o painel, Eduardo Nery comentou sobre os futuros arrendamentos que v\u00eam sendo estudados pela ANTAQ. Ele explicou que a carteira de projetos da autarquia conta com diversas concess\u00f5es simplificadas, e que os estudos e editais seguem na agenda para publica\u00e7\u00e3o.<\/p>\n<p>\u201cTemos uma s\u00e9rie de projetos de natureza simplificada no nosso pipeline. Uma inova\u00e7\u00e3o da ag\u00eancia para tentar tornar mais c\u00e9leres arrendamentos de menor valor e que deixavam \u00e1reas muitas vezes ociosas. Tamb\u00e9m lan\u00e7amos este ano a audi\u00eancia p\u00fablica do terminal ITG 02. Se tudo correr bem este terminal trar\u00e1 mais R$ 3 bilh\u00f5es em investimentos\u201d, disse.<\/p>\n<p><strong>Parceria com a ANTT<\/strong><\/p>\n<p>Pela manh\u00e3, o diretor-geral da Antaq participou de um evento promovido pela Associa\u00e7\u00e3o Brasileira de Operadores Log\u00edsticos (ABOL). Na ocasi\u00e3o, Nery discursou sobre o papel da Ag\u00eancia na promo\u00e7\u00e3o da intermodalidade.<\/p>\n<p>O diretor-geral destacou que a autarquia vem trabalhando em parceria com a Ag\u00eancia Nacional de Transportes Terrestres (ANTT) para mitigar gargalos nos acessos portu\u00e1rios do pa\u00eds, o que viabilizar\u00e1 maior escoamento de produtos exportados e importados pelo pa\u00eds.<\/p>\n<p>Fonte: Portos e Navios<\/p>\n","protected":false},"excerpt":{"rendered":"<p>O diretor-geral da Ag\u00eancia Nacional de Transportes Aquavi\u00e1rios (Antaq), Eduardo Nery, afirmou que a autarquia dar\u00e1 prioridade \u00e0 agenda hidrovi\u00e1ria do pa\u00eds. O objetivo \u00e9&#8230;<\/p>\n","protected":false},"author":1527,"featured_media":44899,"comment_status":"closed","ping_status":"closed","sticky":false,"template":"","format":"standard","meta":{"footnotes":""},"categories":[6],"tags":[],"class_list":["post-44898","post","type-post","status-publish","format-standard","has-post-thumbnail","hentry","category-noticias"],"_links":{"self":[{"href":"https:\/\/www.sincomam.org.br\/index.php\/wp-json\/wp\/v2\/posts\/44898","targetHints":{"allow":["GET"]}}],"collection":[{"href":"https:\/\/www.sincomam.org.br\/index.php\/wp-json\/wp\/v2\/posts"}],"about":[{"href":"https:\/\/www.sincomam.org.br\/index.php\/wp-json\/wp\/v2\/types\/post"}],"author":[{"embeddable":true,"href":"https:\/\/www.sincomam.org.br\/index.php\/wp-json\/wp\/v2\/users\/1527"}],"replies":[{"embeddable":true,"href":"https:\/\/www.sincomam.org.br\/index.php\/wp-json\/wp\/v2\/comments?post=44898"}],"version-history":[{"count":1,"href":"https:\/\/www.sincomam.org.br\/index.php\/wp-json\/wp\/v2\/posts\/44898\/revisions"}],"predecessor-version":[{"id":44900,"href":"https:\/\/www.sincomam.org.br\/index.php\/wp-json\/wp\/v2\/posts\/44898\/revisions\/44900"}],"wp:featuredmedia":[{"embeddable":true,"href":"https:\/\/www.sincomam.org.br\/index.php\/wp-json\/wp\/v2\/media\/44899"}],"wp:attachment":[{"href":"https:\/\/www.sincomam.org.br\/index.php\/wp-json\/wp\/v2\/media?parent=44898"}],"wp:term":[{"taxonomy":"category","embeddable":true,"href":"https:\/\/www.sincomam.org.br\/index.php\/wp-json\/wp\/v2\/categories?post=44898"},{"taxonomy":"post_tag","embeddable":true,"href":"https:\/\/www.sincomam.org.br\/index.php\/wp-json\/wp\/v2\/tags?post=44898"}],"curies":[{"name":"wp","href":"https:\/\/api.w.org\/{rel}","templated":true}]}}