{"id":44888,"date":"2023-04-12T09:13:40","date_gmt":"2023-04-12T12:13:40","guid":{"rendered":"http:\/\/www.sincomam.org.br\/?p=44888"},"modified":"2023-04-12T09:21:59","modified_gmt":"2023-04-12T12:21:59","slug":"reforma-trabalhista-comissao-debate-impactos-da-terceirizacao-no-mercado-de-trabalho","status":"publish","type":"post","link":"https:\/\/www.sincomam.org.br\/index.php\/reforma-trabalhista-comissao-debate-impactos-da-terceirizacao-no-mercado-de-trabalho\/","title":{"rendered":"Reforma Trabalhista: Comiss\u00e3o debate impactos da terceiriza\u00e7\u00e3o no mercado de trabalho"},"content":{"rendered":"<p>A Comiss\u00e3o de Trabalho da C\u00e2mara dos Deputados promoveu uma audi\u00eancia p\u00fablica nesta ter\u00e7a-feira (11) para discutir os impactos da terceiriza\u00e7\u00e3o no mercado de trabalho, em especial ap\u00f3s a <a href=\"https:\/\/www2.camara.leg.br\/legin\/fed\/lei\/2017\/lei-13429-31-marco-2017-784561-norma-pl.html\" target=\"_blank\" rel=\"noreferrer noopener\">Lei da Terceiriza\u00e7\u00e3o<\/a>\u00a0e a\u00a0<a href=\"https:\/\/www2.camara.leg.br\/legin\/fed\/lei\/2017\/lei-13467-13-julho-2017-785204-norma-pl.html\" target=\"_blank\" rel=\"noreferrer noopener\">reforma trabalhista<\/a>, ambas de 2017.<\/p>\n<p>O debate foi uma iniciativa do deputado Bohn Gass (PT-RS). Segundo ele, as recentes mudan\u00e7as na legisla\u00e7\u00e3o precarizaram as rela\u00e7\u00f5es trabalhistas, uma vez que a terceiriza\u00e7\u00e3o, na vis\u00e3o de parlamentar, tem sido usada para eximir as empresas de encargos sociais com seus trabalhadores.<\/p>\n<div id=\"jorna-1450860949\" class=\"jorna-conteudo_2\">\n<div>Bohn Gass acrescenta que n\u00e3o se sustenta o argumento do setor p\u00fablico e da iniciativa privada de que o custo da contrata\u00e7\u00e3o direta \u00e9 alto e impeditivo para a gera\u00e7\u00e3o de novos postos de trabalho. \u201cSe h\u00e1 recursos para contrata\u00e7\u00e3o de empresa terceirizada e se a presun\u00e7\u00e3o \u00e9 de que essa empresa terceirizada ir\u00e1 cumprir toda a legisla\u00e7\u00e3o trabalhista e de prote\u00e7\u00e3o social do trabalho, qual a matem\u00e1tica aplicada que justifica essa economia da cadeia produtiva?\u201d, indaga.<\/div>\n<\/div>\n<p>Na verdade, afirma o parlamentar, depreende-se que os trabalhadores terceirizados custar\u00e3o menos do que a contrata\u00e7\u00e3o direta pela tomadora do servi\u00e7o. \u201cIsso se verifica porque as empresas terceirizadas submetem a classe trabalhadora a condi\u00e7\u00f5es de vulnerabilidade (maior rotatividade), baixos sal\u00e1rios, prec\u00e1rias condi\u00e7\u00f5es laborais (maiores \u00edndices de acidente de trabalho e aquisi\u00e7\u00e3o de doen\u00e7as ocupacionais), incid\u00eancia de trabalho an\u00e1logo a escravo e inadimpl\u00eancia com as obriga\u00e7\u00f5es trabalhistas\u201d, comenta.<\/p>\n<p>Al\u00e9m disso, diz o deputado, trabalhadores terceirizados t\u00eam de lidar com a aus\u00eancia de fiscaliza\u00e7\u00e3o e responsabilidade das tomadoras de servi\u00e7os, e com o desaparecimento das empresas terceirizadas, que n\u00e3o pagam verbas rescis\u00f3rias e obrigam os funcion\u00e1rios a arcar com demandas judiciais.<\/p>\n<p>Fonte:\u00a0Ag\u00eancia C\u00e2mara de Not\u00edcias<\/p>\n","protected":false},"excerpt":{"rendered":"<p>A Comiss\u00e3o de Trabalho da C\u00e2mara dos Deputados promoveu uma audi\u00eancia p\u00fablica nesta ter\u00e7a-feira (11) para discutir os impactos da terceiriza\u00e7\u00e3o no mercado de trabalho,&#8230;<\/p>\n","protected":false},"author":1527,"featured_media":44889,"comment_status":"closed","ping_status":"closed","sticky":false,"template":"","format":"standard","meta":{"footnotes":""},"categories":[6],"tags":[],"class_list":["post-44888","post","type-post","status-publish","format-standard","has-post-thumbnail","hentry","category-noticias"],"_links":{"self":[{"href":"https:\/\/www.sincomam.org.br\/index.php\/wp-json\/wp\/v2\/posts\/44888","targetHints":{"allow":["GET"]}}],"collection":[{"href":"https:\/\/www.sincomam.org.br\/index.php\/wp-json\/wp\/v2\/posts"}],"about":[{"href":"https:\/\/www.sincomam.org.br\/index.php\/wp-json\/wp\/v2\/types\/post"}],"author":[{"embeddable":true,"href":"https:\/\/www.sincomam.org.br\/index.php\/wp-json\/wp\/v2\/users\/1527"}],"replies":[{"embeddable":true,"href":"https:\/\/www.sincomam.org.br\/index.php\/wp-json\/wp\/v2\/comments?post=44888"}],"version-history":[{"count":1,"href":"https:\/\/www.sincomam.org.br\/index.php\/wp-json\/wp\/v2\/posts\/44888\/revisions"}],"predecessor-version":[{"id":44890,"href":"https:\/\/www.sincomam.org.br\/index.php\/wp-json\/wp\/v2\/posts\/44888\/revisions\/44890"}],"wp:featuredmedia":[{"embeddable":true,"href":"https:\/\/www.sincomam.org.br\/index.php\/wp-json\/wp\/v2\/media\/44889"}],"wp:attachment":[{"href":"https:\/\/www.sincomam.org.br\/index.php\/wp-json\/wp\/v2\/media?parent=44888"}],"wp:term":[{"taxonomy":"category","embeddable":true,"href":"https:\/\/www.sincomam.org.br\/index.php\/wp-json\/wp\/v2\/categories?post=44888"},{"taxonomy":"post_tag","embeddable":true,"href":"https:\/\/www.sincomam.org.br\/index.php\/wp-json\/wp\/v2\/tags?post=44888"}],"curies":[{"name":"wp","href":"https:\/\/api.w.org\/{rel}","templated":true}]}}