{"id":4488,"date":"2014-03-26T09:01:42","date_gmt":"2014-03-26T12:01:42","guid":{"rendered":"http:\/\/www.sincomam.org.br\/?p=4488"},"modified":"2014-03-26T09:01:42","modified_gmt":"2014-03-26T12:01:42","slug":"governo-vai-alinhar-pre-sal-a-conteudo-local","status":"publish","type":"post","link":"https:\/\/www.sincomam.org.br\/index.php\/governo-vai-alinhar-pre-sal-a-conteudo-local\/","title":{"rendered":"Governo vai alinhar pr\u00e9-sal a conte\u00fado local"},"content":{"rendered":"<p>O secret\u00e1rio de \u00d3leo e G\u00e1s do Minist\u00e9rio de Minas e Energia, Marco Ant\u00f4nio Martins Almeida, afirmou que \u201co governo pretende alinhar o ritmo de leil\u00f5es de novas \u00e1reas do pr\u00e9-sal com o avan\u00e7o da capacidade da ind\u00fastria local para atender \u00e0 demanda de bens e servi\u00e7os\u201d.<\/p>\n<p>\u201cIn\u00fameras \u00e1reas j\u00e1 foram mapeadas e devem ser colocadas em licita\u00e7\u00e3o. Um dos elementos fundamentais para definir o ritmo dessas ofertas \u00e9 a capacidade da ind\u00fastria instalada aqui no Brasil em atender \u00e0s demandas do setor de petr\u00f3leo e g\u00e1s\u201d, destacou Almeida, que participou da abertura da UK Energy In Brazil 2014, nesta ter\u00e7a-feira, no Rio de Janeiro.<\/p>\n<p>Segundo Almeida, quanto maior for a cadeia de fornecedores no pa\u00eds, mais rapidamente ser\u00e3o ofertadas as \u00e1reas. As empresas que est\u00e3o se preparando para entrar no mercado ou que j\u00e1 atuam no segmento v\u00eaem nessa vis\u00e3o uma postura de cuidado com o tempo de matura\u00e7\u00e3o e de expans\u00e3o de suas estruturas, al\u00e9m do ganho gradual de expertise, mas as petroleiras podem n\u00e3o encarar o fato com o mesmo otimismo.<\/p>\n<p>Ele ressalvou, por\u00e9m, que, nos leil\u00f5es j\u00e1 realizados, a Petrobras pode reduzir as exig\u00eancias de conte\u00fado local, \u201cuma vez que os contratos n\u00e3o tinham exig\u00eancias muito significativas\u201d. Almeida disse supor que os investimentos que est\u00e3o sendo implementados agora s\u00e3o referentes \u00e0s rodadas 2 e 4.<\/p>\n<p>\u201cAcho que esses n\u00edveis de conte\u00fado local est\u00e3o sendo feitos de maneira volunt\u00e1ria pela Petrobras. Os n\u00edveis de exig\u00eancia desses contratos s\u00e3o muito menores. Ent\u00e3o acho que esse \u00e9 o problema. Se \u00e9 volunt\u00e1rio, a Petrobras pode abrir m\u00e3o\u201d, destacou.<\/p>\n<p>Ele tamb\u00e9m frisou que todos os contratos ser\u00e3o respeitados e as cl\u00e1usulas de conte\u00fado local ser\u00e3o exigidas de todos os agentes de mercado. E salientou que, se a estatal do petr\u00f3leo, optar por volumes adicionais, \u201cn\u00e3o ter\u00e1 nenhum problema\u201d<\/p>\n<p>Fonte: Monitor Mercantil<\/p>\n","protected":false},"excerpt":{"rendered":"<p>O secret\u00e1rio de \u00d3leo e G\u00e1s do Minist\u00e9rio de Minas e Energia, Marco Ant\u00f4nio Martins Almeida, afirmou que \u201co governo pretende alinhar o ritmo de&#8230;<\/p>\n","protected":false},"author":1182,"featured_media":0,"comment_status":"closed","ping_status":"closed","sticky":false,"template":"","format":"standard","meta":{"footnotes":""},"categories":[6],"tags":[823,192,77],"class_list":["post-4488","post","type-post","status-publish","format-standard","hentry","category-noticias","tag-conteudo-local","tag-governo","tag-pre-sal"],"_links":{"self":[{"href":"https:\/\/www.sincomam.org.br\/index.php\/wp-json\/wp\/v2\/posts\/4488","targetHints":{"allow":["GET"]}}],"collection":[{"href":"https:\/\/www.sincomam.org.br\/index.php\/wp-json\/wp\/v2\/posts"}],"about":[{"href":"https:\/\/www.sincomam.org.br\/index.php\/wp-json\/wp\/v2\/types\/post"}],"author":[{"embeddable":true,"href":"https:\/\/www.sincomam.org.br\/index.php\/wp-json\/wp\/v2\/users\/1182"}],"replies":[{"embeddable":true,"href":"https:\/\/www.sincomam.org.br\/index.php\/wp-json\/wp\/v2\/comments?post=4488"}],"version-history":[{"count":1,"href":"https:\/\/www.sincomam.org.br\/index.php\/wp-json\/wp\/v2\/posts\/4488\/revisions"}],"predecessor-version":[{"id":4489,"href":"https:\/\/www.sincomam.org.br\/index.php\/wp-json\/wp\/v2\/posts\/4488\/revisions\/4489"}],"wp:attachment":[{"href":"https:\/\/www.sincomam.org.br\/index.php\/wp-json\/wp\/v2\/media?parent=4488"}],"wp:term":[{"taxonomy":"category","embeddable":true,"href":"https:\/\/www.sincomam.org.br\/index.php\/wp-json\/wp\/v2\/categories?post=4488"},{"taxonomy":"post_tag","embeddable":true,"href":"https:\/\/www.sincomam.org.br\/index.php\/wp-json\/wp\/v2\/tags?post=4488"}],"curies":[{"name":"wp","href":"https:\/\/api.w.org\/{rel}","templated":true}]}}