{"id":44879,"date":"2023-04-12T08:51:23","date_gmt":"2023-04-12T11:51:23","guid":{"rendered":"http:\/\/www.sincomam.org.br\/?p=44879"},"modified":"2023-04-12T08:51:23","modified_gmt":"2023-04-12T11:51:23","slug":"saude-alerta-para-vacinacao-contra-gripe-em-grupos-prioritarios","status":"publish","type":"post","link":"https:\/\/www.sincomam.org.br\/index.php\/saude-alerta-para-vacinacao-contra-gripe-em-grupos-prioritarios\/","title":{"rendered":"Sa\u00fade alerta para vacina\u00e7\u00e3o contra gripe em grupos priorit\u00e1rios"},"content":{"rendered":"<p>O Minist\u00e9rio da Sa\u00fade alertou hoje (11) para a import\u00e2ncia de imunizar os mais de 80 milh\u00f5es de pessoas que fazem parte do grupo priorit\u00e1rio da vacina\u00e7\u00e3o contra a gripe.\u00a0Em 2022, 68% do p\u00fablico-alvo receberam\u00a0a\u00a0dose. Para este ano, a meta \u00e9 imunizar 90% do grupo priorit\u00e1rio, que inclui idosos; crian\u00e7as de 6 meses a menores de 6 anos; gestantes e pu\u00e9rperas; ind\u00edgenas; trabalhadores da sa\u00fade; professores da rede p\u00fablica e privada; e pessoas com comorbidades.<\/p>\n<p>Tamb\u00e9m devem receber a dose trivalente, que protege contra as principais cepas do v\u00edrus, pessoas com defici\u00eancia permanente; for\u00e7as de seguran\u00e7a e salvamento; integrantes das For\u00e7as Armadas; caminhoneiros; trabalhadores de transporte coletivo rodovi\u00e1rio de passageiros urbano e de longo curso; trabalhadores portu\u00e1rios; funcion\u00e1rios do sistema prisional; adolescentes e jovens de 12 a 21 anos sob medidas socioeducativas; e popula\u00e7\u00e3o privada de liberdade.<\/p>\n<p>O aumento de casos de gripe ou influenza registrados nos \u00faltimos anos, de acordo com a pasta, refor\u00e7a a import\u00e2ncia da vacina\u00e7\u00e3o na\u00a0tentativa de evitar casos graves e mortes, sobretudo em quem apresenta maior risco. Em 2021, 7,2 mil casos e 901 mortes foram registrados no pa\u00eds enquanto, em 2022, os n\u00fameros saltaram para 12.169 e 1.612, respectivamente. Este ano, 1,3 mil casos de influenza j\u00e1 foram confirmados, al\u00e9m de 87 \u00f3bitos.<\/p>\n<p><strong>Campanha\u00a0<\/strong><\/p>\n<p>Com o conceito Vacina \u00e9 vida. Vacina \u00e9 para todos, a campanha publicit\u00e1ria elaborada pela pasta come\u00e7a a ser veiculada nacionalmente nesta ter\u00e7a-feira (11) em TV aberta, TV fechada e redes sociais, al\u00e9m de lugares de grande circula\u00e7\u00e3o de pessoas, r\u00e1dio e internet. Ser\u00e3o distribu\u00eddas, ao todo, 80 milh\u00f5es de doses da vacina influenza trivalente, produzida pelo Instituto Butantan, de forma escalonada, de acordo com o avan\u00e7o da campanha.<\/p>\n<p>A formula\u00e7\u00e3o da vacina \u00e9\u00a0anualmente atualizada para que a dose seja efetiva na prote\u00e7\u00e3o contra as cepas do v\u00edrus que circularam no ano anterior. O minist\u00e9rio refor\u00e7ou que o imunizante contra a influenza pode ser aplicado junto a qualquer vacina do Programa Nacional de Imuniza\u00e7\u00f5es, inclusive as da covid-19. Este ano, a recomenda\u00e7\u00e3o para estados e munic\u00edpios \u00e9 que a vacina\u00e7\u00e3o contra a gripe seja feita em uma s\u00f3 etapa, abrangendo todos os grupos priorit\u00e1rios.<\/p>\n<p><strong>Crian\u00e7as\u00a0<\/strong><\/p>\n<p>Todas as crian\u00e7as que receberam pelo menos uma dose da vacina contra a gripe em anos anteriores devem receber apenas uma dose em 2023. Para a popula\u00e7\u00e3o ind\u00edgena e pessoas com comorbidades, a vacina est\u00e1 indicada para crian\u00e7as de 6 meses a menores de 9 anos. Deve ser considerado o esquema de duas doses para todas as crian\u00e7as que ser\u00e3o vacinadas pela primeira vez, devendo-se agendar a segunda dose para 30 dias ap\u00f3s a primeira.<\/p>\n<p>Fonte: Ag\u00eancia Brasil<\/p>\n","protected":false},"excerpt":{"rendered":"<p>O Minist\u00e9rio da Sa\u00fade alertou hoje (11) para a import\u00e2ncia de imunizar os mais de 80 milh\u00f5es de pessoas que fazem parte do grupo priorit\u00e1rio&#8230;<\/p>\n","protected":false},"author":1527,"featured_media":44880,"comment_status":"closed","ping_status":"closed","sticky":false,"template":"","format":"standard","meta":{"footnotes":""},"categories":[6],"tags":[],"class_list":["post-44879","post","type-post","status-publish","format-standard","has-post-thumbnail","hentry","category-noticias"],"_links":{"self":[{"href":"https:\/\/www.sincomam.org.br\/index.php\/wp-json\/wp\/v2\/posts\/44879","targetHints":{"allow":["GET"]}}],"collection":[{"href":"https:\/\/www.sincomam.org.br\/index.php\/wp-json\/wp\/v2\/posts"}],"about":[{"href":"https:\/\/www.sincomam.org.br\/index.php\/wp-json\/wp\/v2\/types\/post"}],"author":[{"embeddable":true,"href":"https:\/\/www.sincomam.org.br\/index.php\/wp-json\/wp\/v2\/users\/1527"}],"replies":[{"embeddable":true,"href":"https:\/\/www.sincomam.org.br\/index.php\/wp-json\/wp\/v2\/comments?post=44879"}],"version-history":[{"count":1,"href":"https:\/\/www.sincomam.org.br\/index.php\/wp-json\/wp\/v2\/posts\/44879\/revisions"}],"predecessor-version":[{"id":44881,"href":"https:\/\/www.sincomam.org.br\/index.php\/wp-json\/wp\/v2\/posts\/44879\/revisions\/44881"}],"wp:featuredmedia":[{"embeddable":true,"href":"https:\/\/www.sincomam.org.br\/index.php\/wp-json\/wp\/v2\/media\/44880"}],"wp:attachment":[{"href":"https:\/\/www.sincomam.org.br\/index.php\/wp-json\/wp\/v2\/media?parent=44879"}],"wp:term":[{"taxonomy":"category","embeddable":true,"href":"https:\/\/www.sincomam.org.br\/index.php\/wp-json\/wp\/v2\/categories?post=44879"},{"taxonomy":"post_tag","embeddable":true,"href":"https:\/\/www.sincomam.org.br\/index.php\/wp-json\/wp\/v2\/tags?post=44879"}],"curies":[{"name":"wp","href":"https:\/\/api.w.org\/{rel}","templated":true}]}}