{"id":44869,"date":"2023-04-11T00:54:54","date_gmt":"2023-04-11T03:54:54","guid":{"rendered":"http:\/\/www.sincomam.org.br\/?p=44869"},"modified":"2023-04-11T00:54:54","modified_gmt":"2023-04-11T03:54:54","slug":"vacina-da-gripe-2023-rj-quem-pode-tomar-veja-calendario-de-vacinacao","status":"publish","type":"post","link":"https:\/\/www.sincomam.org.br\/index.php\/vacina-da-gripe-2023-rj-quem-pode-tomar-veja-calendario-de-vacinacao\/","title":{"rendered":"Vacina da gripe 2023 RJ: quem pode tomar? Veja calend\u00e1rio de vacina\u00e7\u00e3o"},"content":{"rendered":"<p>A partir desta\u00a0<span class=\"is_emphasis\">segunda-feira, 10, a Secretaria Municipal de Sa\u00fade (SMS) inicia a\u00a0vacina\u00e7\u00e3o contra a gripe\u00a0no Rio de Janeiro<\/span>. A previs\u00e3o \u00e9 concluir o calend\u00e1rio at\u00e9 o dia 31 de maio, com etapa \u00fanica para o p\u00fablico-alvo. A meta da administra\u00e7\u00e3o municipal \u00e9 alcan\u00e7ar uma cobertura vacinal de 90% do p\u00fablico-alvo &#8212; aproximadamente duas milh\u00f5es de pessoas.<\/p>\n<p>No munic\u00edpio do Rio, as 237 unidades de Aten\u00e7\u00e3o Prim\u00e1ria (cl\u00ednicas da fam\u00edlia e centros municipais de sa\u00fade) aplicar\u00e3o as doses de\u00a0vacina contra gripe\u00a0de segunda a sexta-feira, das 8h \u00e0s 17h, e aos s\u00e1bados, das 8h \u00e0s 12h. Al\u00e9m disso, o Super Centro Carioca de Vacina\u00e7\u00e3o, em Botafogo, ser\u00e1 mais uma unidade de refer\u00eancia e funcionar\u00e1 em hor\u00e1rio especial, de domingo a domingo, das 8h \u00e0s 22h.<\/p>\n<div class=\"exm_paragraph_end\">A campanha de vacina\u00e7\u00e3o contra a Influenza\u00a0prev\u00ea ainda um dia D de mobiliza\u00e7\u00e3o pela vacina\u00e7\u00e3o para o dia 6 de maio.<\/div>\n<div id=\"ads_0\">\n<div class=\"row\">\n<div class=\"sc-80706fc7-7 eLtIGX\">\n<div class=\"exm_paragraph_end\"><\/div>\n<div id=\"also-see\" data-mrf-recirculation=\"Veja Tamb\u00e9m - Nova p\u00e1gina de artigo\">\n<h2>Quem pode tomar a vacina contra a gripe?<\/h2>\n<p>Podem tomar a vacina todas as pessoas que est\u00e3o nos grupos considerados de risco:<\/p>\n<ul>\n<li>Pessoas com mais de 60 anos;<\/li>\n<li>Adolescentes em medidas socioeducativas;<\/li>\n<li>Caminhoneiros e caminhoneiras;<\/li>\n<li>Crian\u00e7as de 6 meses a 5 anos (completos);<\/li>\n<li>For\u00e7as Armadas;<\/li>\n<li>For\u00e7as de Seguran\u00e7a e Salvamento;<\/li>\n<li>Gestantes e pu\u00e9rperas;<\/li>\n<li>Pessoas com defici\u00eancia;<\/li>\n<li>Pessoas com comorbidades;<\/li>\n<li>Popula\u00e7\u00e3o privada de liberdade;<\/li>\n<li>Povos ind\u00edgenas, ribeirinhos e quilombolas;<\/li>\n<li>Professoras e professores;<\/li>\n<li>Profissionais de transporte coletivo;<\/li>\n<li>Profissionais portu\u00e1rios;<\/li>\n<li>Profissionais do Sistema de Priva\u00e7\u00e3o de Liberdade;<\/li>\n<li>Trabalhadoras e trabalhadores da sa\u00fade.<\/li>\n<\/ul>\n<h2>Onde tomar a vacina contra a gripe no RJ?<\/h2>\n<p>O imunizante estar\u00e1 dispon\u00edvel nas 237 unidades de Aten\u00e7\u00e3o Prim\u00e1ria (cl\u00ednicas da fam\u00edlia e centros municipais de sa\u00fade), de segunda a sexta-feira, das 8h \u00e0s 17h, e aos s\u00e1bados, das 8h \u00e0s 12h.<\/p>\n<p>No Super Centro Carioca de Vacina\u00e7\u00e3o, localizado na Rua General Severiano, 190, no bairro Botafogo, o funcionamento ser\u00e1 todos os dias, das 8h \u00e0s 22h.<\/p>\n<p>No site da Prefeitura do Rio, \u00e9 poss\u00edvel localizar atrav\u00e9s de um mapa interativo todas as unidades dispon\u00edveis para vacina\u00e7\u00e3o em \u201c<a href=\"https:\/\/pcrj.maps.arcgis.com\/apps\/webappviewer\/index.html?id=014d8ab512a34f259bb27c8a13d4d65f\">Onde ser atendido?<\/a>\u201d.<\/p>\n<h2>Qual documento levar para tomar a vacina contra gripe?<\/h2>\n<p>Para tomar a\u00a0vacina contra gripe, \u00e9 necess\u00e1rio comparecer aos postos de sa\u00fade portando documento de identifica\u00e7\u00e3o e caderneta de vacina\u00e7\u00e3o. Ser\u00e1 preciso apresentar ainda um comprovante da classifica\u00e7\u00e3o como grupo priorit\u00e1rio, como laudo m\u00e9dico, documento funcional para os grupos profissionais atendidos, entre outros.<\/p>\n<h2>Quem est\u00e1 gripado pode tomar vacina da gripe?<\/h2>\n<p>Em rela\u00e7\u00e3o \u00e0s doen\u00e7as respirat\u00f3rias febris, qualquer vacina \u00e9 contraindicada. A melhor op\u00e7\u00e3o \u00e9 adiar em 24 horas ou 48 horas sem febre. Essa regra vale para qualquer vacina: gripe, covid, pneumonia etc.<\/p>\n<p>Se o paciente apresentar somente resfriado com coriza e tosse, n\u00e3o existe contraindica\u00e7\u00e3o.<\/p>\n<h2>Qual \u00e9 a vacina aplicada?<\/h2>\n<p>A vacina contra a gripe oferecida pelo Sistema \u00danico de Sa\u00fade (SUS) \u00e9 do tipo trivalente e protege contra duas cepas do v\u00edrus influenza A e uma do influenza B. H\u00e1 dispon\u00edvel no Brasil o imunizante quadrivalente, que protege contra quatro variantes. Essa vers\u00e3o da vacina \u00e9 dispon\u00edvel apenas no mercado privado.<\/p>\n<h2>A vacina da gripe protege contra H3N2?<\/h2>\n<p>De acordo com <a href=\"https:\/\/www.gov.br\/saude\/pt-br\/assuntos\/saude-de-a-a-z\/c\/calendario-nacional-de-vacinacao\/informes-tecnicos\/informe-tecnico-operacional-de-vacinacao-contra-a-influenza-2023\">nota t\u00e9cnica do Minist\u00e9rio da Sa\u00fade<\/a>, a vacina aplicada em 2023 cont\u00e9m varia\u00e7\u00f5es do v\u00edrus influenza A, sendo presentes as variantes Sydney (H1N1), e a Darwin (H3N2). H\u00e1 ainda uma variante do v\u00edrus B chamada \u00c1ustria (linhagem B\/Victoria).<\/p>\n<h2>J\u00e1 me vacinei ano passado, preciso me vacinar de novo?<\/h2>\n<p>De acordo com a Sociedade Brasileira de Imuniza\u00e7\u00f5es, a vacina\u00e7\u00e3o contra a gripe \u00e9 anual por dois motivos. &#8220;O primeiro \u00e9 que a prote\u00e7\u00e3o conferida pela vacina cai progressivamente seis meses depois da aplica\u00e7\u00e3o. O segundo \u00e9 a varia\u00e7\u00e3o dos subtipos de influenza circulantes a cada ano. Como eles mudam com frequ\u00eancia, mesmo que o efeito da vacina durasse mais tempo, ela poderia n\u00e3o proteger contra os v\u00edrus do inverno seguinte&#8221;.<\/p>\n<h2>Qual a rea\u00e7\u00e3o da vacina da gripe?<\/h2>\n<p>Toda e qualquer vacina pode gerar algum efeito colateral e n\u00e3o h\u00e1 necessidade de se preocupar, apontam m\u00e9dicos e cientistas.\u00a0Os mais comuns s\u00e3o rea\u00e7\u00f5es no local da aplica\u00e7\u00e3o. Em casos mais raros, h\u00e1 dor de cabe\u00e7a, febre e fadiga, mas os sintomas passam em at\u00e9 48 horas.<\/p>\n<p>A recomenda\u00e7\u00e3o dos m\u00e9dicos \u00e9 para que, caso os sintomas sejam muito fortes, use medicamentos para controlar a febre e as dores. O\u00a0uso de anti-inflamat\u00f3rio \u00e9 desaconselhado\u00a0porque pode atrapalhar a resposta do corpo ao processo inflamat\u00f3rio natural na cria\u00e7\u00e3o de anticorpos contra a gripe.<\/p>\n<h2>Pode tomar a vacina contra a gripe e contra a covid-19 juntas?<\/h2>\n<p>Segundo m\u00e9dicos, especialistas e norma do Minist\u00e9rio da Sa\u00fade, as duas vacinas podem ser aplicadas no mesmo dia. A exce\u00e7\u00e3o \u00e9 para o imunizante contra o coronav\u00edrus em crian\u00e7as at\u00e9 11 anos. Nesses casos, a recomenda\u00e7\u00e3o \u00e9 ter um intervalo de 15 dias.<\/p>\n<h2>Qual o calend\u00e1rio de vacina\u00e7\u00e3o contra a covid-19?<\/h2>\n<p>O Minist\u00e9rio da Sa\u00fade come\u00e7ou, no dia 27 de fevereiro, uma nova campanha de vacina\u00e7\u00e3o contra a covid-19. Para esta fase s\u00e3o convocados brasileiros em grupos de risco &#8212; idosos e imunossuprimido (<a href=\"https:\/\/exame.com\/brasil\/o-que-e-a-vacina-bivalente-contra-covid-19-e-quem-pode-tomar\/\">veja todos os grupos<\/a>). Eles recebem no bra\u00e7o uma dose do imunizante bivalente da Pfizer que protege contra o v\u00edrus original do SARS-CoV-2 e as \u00faltimas variantes, como a \u00d4micron, altamente transmiss\u00edvel.<\/p>\n<p>Fonte: Revista Exame<\/p>\n<\/div>\n<\/div>\n<\/div>\n<\/div>\n","protected":false},"excerpt":{"rendered":"<p>A partir desta\u00a0segunda-feira, 10, a Secretaria Municipal de Sa\u00fade (SMS) inicia a\u00a0vacina\u00e7\u00e3o contra a gripe\u00a0no Rio de Janeiro. A previs\u00e3o \u00e9 concluir o calend\u00e1rio at\u00e9&#8230;<\/p>\n","protected":false},"author":1527,"featured_media":44870,"comment_status":"closed","ping_status":"closed","sticky":false,"template":"","format":"standard","meta":{"footnotes":""},"categories":[6],"tags":[],"class_list":["post-44869","post","type-post","status-publish","format-standard","has-post-thumbnail","hentry","category-noticias"],"_links":{"self":[{"href":"https:\/\/www.sincomam.org.br\/index.php\/wp-json\/wp\/v2\/posts\/44869","targetHints":{"allow":["GET"]}}],"collection":[{"href":"https:\/\/www.sincomam.org.br\/index.php\/wp-json\/wp\/v2\/posts"}],"about":[{"href":"https:\/\/www.sincomam.org.br\/index.php\/wp-json\/wp\/v2\/types\/post"}],"author":[{"embeddable":true,"href":"https:\/\/www.sincomam.org.br\/index.php\/wp-json\/wp\/v2\/users\/1527"}],"replies":[{"embeddable":true,"href":"https:\/\/www.sincomam.org.br\/index.php\/wp-json\/wp\/v2\/comments?post=44869"}],"version-history":[{"count":1,"href":"https:\/\/www.sincomam.org.br\/index.php\/wp-json\/wp\/v2\/posts\/44869\/revisions"}],"predecessor-version":[{"id":44871,"href":"https:\/\/www.sincomam.org.br\/index.php\/wp-json\/wp\/v2\/posts\/44869\/revisions\/44871"}],"wp:featuredmedia":[{"embeddable":true,"href":"https:\/\/www.sincomam.org.br\/index.php\/wp-json\/wp\/v2\/media\/44870"}],"wp:attachment":[{"href":"https:\/\/www.sincomam.org.br\/index.php\/wp-json\/wp\/v2\/media?parent=44869"}],"wp:term":[{"taxonomy":"category","embeddable":true,"href":"https:\/\/www.sincomam.org.br\/index.php\/wp-json\/wp\/v2\/categories?post=44869"},{"taxonomy":"post_tag","embeddable":true,"href":"https:\/\/www.sincomam.org.br\/index.php\/wp-json\/wp\/v2\/tags?post=44869"}],"curies":[{"name":"wp","href":"https:\/\/api.w.org\/{rel}","templated":true}]}}