{"id":44845,"date":"2023-04-10T09:25:17","date_gmt":"2023-04-10T12:25:17","guid":{"rendered":"http:\/\/www.sincomam.org.br\/?p=44845"},"modified":"2023-04-10T09:25:17","modified_gmt":"2023-04-10T12:25:17","slug":"petrobras-aprova-ajuste-organizacional","status":"publish","type":"post","link":"https:\/\/www.sincomam.org.br\/index.php\/petrobras-aprova-ajuste-organizacional\/","title":{"rendered":"Petrobras aprova ajuste organizacional"},"content":{"rendered":"<p>A Diretoria Executiva da Petrobras aprovou esta semana uma proposta de ajuste organizacional interno. As mudan\u00e7as ainda precisam ser submetidas ao Conselho de Administra\u00e7\u00e3o. S\u00e3o tr\u00eas objetivos principais: conduzir a companhia para uma transi\u00e7\u00e3o energ\u00e9tica; agrupar atividades de engenharia, tecnologia e inova\u00e7\u00e3o, o que inclui desenvolver projetos de pesquisa e desenvolvimento; e reunir atividades corporativas em uma \u00e1rea de gest\u00e3o.<\/p>\n<p>A proposta prev\u00ea a cria\u00e7\u00e3o de novas diretorias na companhia em substitui\u00e7\u00e3o a outras. O n\u00famero total n\u00e3o ser\u00e1 alterado. As indica\u00e7\u00f5es para a coordena\u00e7\u00e3o delas cabe ao presidente Jean Paul Prates. Uma das novas diretorias \u00e9 a de Transi\u00e7\u00e3o Energ\u00e9tica e Energias Renov\u00e1veis. Se aprovada, Maur\u00edcio Tolmasquim assume a lideran\u00e7a. As atividades previstas s\u00e3o descarboniza\u00e7\u00e3o, mudan\u00e7as clim\u00e1ticas, novas tecnologias, sustentabilidade, e com\u00e9rcio de g\u00e1s natural.<\/p>\n<p>A diretoria de Desenvolvimento da Produ\u00e7\u00e3o vai virar diretoria de Engenharia, Tecnologia e Inova\u00e7\u00e3o e\u00a0vai incorporar o Centro de Pesquisa e Desenvolvimento Leopoldo A. Miguez de Mello (Cenpes). Setor continua sendo liderado por Carlos Jos\u00e9 do Nascimento Travassos. \u00a0A diretoria de Processos Industriais e Produtos vai substituir a atual diretoria de Refino, G\u00e1s e Energia, ocupada por William Fran\u00e7a da Silva. Entre as principais atribui\u00e7\u00f5es, ela engloba a administra\u00e7\u00e3o dos derivados do refino de petr\u00f3leo e dos derivados de g\u00e1s e biocomponentes.<\/p>\n<p>A atual diretoria de Comercializa\u00e7\u00e3o e Log\u00edstica, chefiada por Claudio Romeo Schlosser, passa a ser chamada de diretoria de Log\u00edstica, Comercializa\u00e7\u00e3o e Mercados. A diretoria de Relacionamento Institucional e Sustentabilidade vai ser extinta. A diretora executiva Clarice Coppetti vai para a nova diretoria de Gest\u00e3o Corporativa, que administrar\u00e1 processos internos de gest\u00e3o de pessoas, sa\u00fade, meio ambiente e seguran\u00e7a (SMS) e servi\u00e7os compartilhados.<\/p>\n<p>Carlos Augusto Barreto continua respons\u00e1vel pela \u00e1rea de Transforma\u00e7\u00e3o Digital, que vai ser subordinada \u00e0 diretoria de Gest\u00e3o Corporativa. As ger\u00eancias executivas de comunica\u00e7\u00e3o e marcas, responsabilidade social e relacionamento externo v\u00e3o ficar diretamente ligadas \u00e0 presid\u00eancia. A diretoria Financeira e de Relacionamento com Investidores, coordenada por Sergio Caetano Leite passa a ser respons\u00e1vel pela \u00e1rea de Gest\u00e3o de Portf\u00f3lio. V\u00e3o ser mantidas as diretorias de Explora\u00e7\u00e3o e Produ\u00e7\u00e3o, e Governan\u00e7a e Conformidade.<\/p>\n<p>Fonte: Ag\u00eancia Brasil<\/p>\n","protected":false},"excerpt":{"rendered":"<p>A Diretoria Executiva da Petrobras aprovou esta semana uma proposta de ajuste organizacional interno. As mudan\u00e7as ainda precisam ser submetidas ao Conselho de Administra\u00e7\u00e3o. S\u00e3o&#8230;<\/p>\n","protected":false},"author":1527,"featured_media":44846,"comment_status":"closed","ping_status":"closed","sticky":false,"template":"","format":"standard","meta":{"footnotes":""},"categories":[6],"tags":[],"class_list":["post-44845","post","type-post","status-publish","format-standard","has-post-thumbnail","hentry","category-noticias"],"_links":{"self":[{"href":"https:\/\/www.sincomam.org.br\/index.php\/wp-json\/wp\/v2\/posts\/44845","targetHints":{"allow":["GET"]}}],"collection":[{"href":"https:\/\/www.sincomam.org.br\/index.php\/wp-json\/wp\/v2\/posts"}],"about":[{"href":"https:\/\/www.sincomam.org.br\/index.php\/wp-json\/wp\/v2\/types\/post"}],"author":[{"embeddable":true,"href":"https:\/\/www.sincomam.org.br\/index.php\/wp-json\/wp\/v2\/users\/1527"}],"replies":[{"embeddable":true,"href":"https:\/\/www.sincomam.org.br\/index.php\/wp-json\/wp\/v2\/comments?post=44845"}],"version-history":[{"count":1,"href":"https:\/\/www.sincomam.org.br\/index.php\/wp-json\/wp\/v2\/posts\/44845\/revisions"}],"predecessor-version":[{"id":44847,"href":"https:\/\/www.sincomam.org.br\/index.php\/wp-json\/wp\/v2\/posts\/44845\/revisions\/44847"}],"wp:featuredmedia":[{"embeddable":true,"href":"https:\/\/www.sincomam.org.br\/index.php\/wp-json\/wp\/v2\/media\/44846"}],"wp:attachment":[{"href":"https:\/\/www.sincomam.org.br\/index.php\/wp-json\/wp\/v2\/media?parent=44845"}],"wp:term":[{"taxonomy":"category","embeddable":true,"href":"https:\/\/www.sincomam.org.br\/index.php\/wp-json\/wp\/v2\/categories?post=44845"},{"taxonomy":"post_tag","embeddable":true,"href":"https:\/\/www.sincomam.org.br\/index.php\/wp-json\/wp\/v2\/tags?post=44845"}],"curies":[{"name":"wp","href":"https:\/\/api.w.org\/{rel}","templated":true}]}}