{"id":4484,"date":"2014-03-26T08:34:21","date_gmt":"2014-03-26T11:34:21","guid":{"rendered":"http:\/\/www.sincomam.org.br\/?p=4484"},"modified":"2014-03-26T08:55:41","modified_gmt":"2014-03-26T11:55:41","slug":"com-acordo-camara-aprova-marco-civil-da-internet","status":"publish","type":"post","link":"https:\/\/www.sincomam.org.br\/index.php\/com-acordo-camara-aprova-marco-civil-da-internet\/","title":{"rendered":"Com acordo, C\u00e2mara aprova Marco Civil da Internet"},"content":{"rendered":"<p><b><i>Documento \u00e9 considerado como a &#8220;Constitui\u00e7\u00e3o da Web&#8221;<\/i><\/b><\/p>\n<p>A C\u00e2mara dos Deputados aprovou na noite desta ter\u00e7a-feira o projeto do Marco Civil da Internet, considerado com a &#8220;Constitui\u00e7\u00e3o da Web&#8221;. A proposta segue agora para an\u00e1lise do Senado. A vota\u00e7\u00e3o no plen\u00e1rio ocorreu ap\u00f3s o governo recuar e ceder em artigos que tratavam sobre a neutralidade de rede e a exig\u00eancia de datacenters no Pa\u00eds. S\u00f3 o PPS votou contra o texto.<\/p>\n<p>Em rela\u00e7\u00e3o \u00e0 neutralidade, no texto aprovado ficou mantido o entendimento do governo que prev\u00ea que o respons\u00e1vel pela transmiss\u00e3o, comuta\u00e7\u00e3o ou roteamento tem o dever de tratar de forma ison\u00f4mica quaisquer pacotes de dados, sem distin\u00e7\u00e3o por conte\u00fado, origem e destino. Esse ponto foi um dos principais &#8220;cavalos de batalhas&#8221; entre o Pal\u00e1cio do Planalto e o l\u00edder do PMDB na C\u00e2mara, Eduardo Cunha (RJ), desde que a proposta foi encaminhada ao Congresso em 2011. Na reta final das discuss\u00f5es, o PMDB tamb\u00e9m retirou todas as sugest\u00f5es de altera\u00e7\u00e3o no texto apresentado no plen\u00e1rio pelo relator, Alessandro Molon (PT-RJ).<\/p>\n<p>&#8220;Esta n\u00e3o \u00e9 a Casa do enfrentamento. Discutimos esse projeto \u00e0 exaust\u00e3o. Pelo convencimento, essa Casa tem seu melhor desempenho&#8221;, declarou o presidente da C\u00e2mara, Henrique Eduardo Alves (PMDB-RN).<\/p>\n<p>Por outro lado, o governo cedeu ao retirar do projeto a previs\u00e3o de que a regulamenta\u00e7\u00e3o da neutralidade fosse feita por meio de decreto. &#8220;O governo resolveu dialogar&#8221;, comemorou Andr\u00e9 Moura (SE), l\u00edder do PSC. Por sugest\u00e3o de Eduardo Cunha foi eliminada a express\u00e3o &#8220;decreto&#8221; do texto e inclu\u00eddo o entendimento de que a normatiza\u00e7\u00e3o ocorrer\u00e1 de acordo com o que prev\u00ea a Constitui\u00e7\u00e3o. O efeito pr\u00e1tico disso \u00e9 m\u00ednimo, uma vez que a pr\u00f3pria Carta Magna prev\u00ea que as regulamenta\u00e7\u00f5es s\u00e3o de exclusiva compet\u00eancia da Presid\u00eancia da Rep\u00fablica, para a &#8220;fiel execu\u00e7\u00e3o das leis&#8221;. Ficou estabelecido que a Presid\u00eancia ter\u00e1 de ouvir a opini\u00e3o do Comit\u00ea Gestor da Internet e a Ag\u00eancia Nacional de Telecomunica\u00e7\u00f5es (Anatel) para fazer a regulamenta\u00e7\u00e3o.<\/p>\n<p>A proposta aprovada hoje tamb\u00e9m prev\u00ea que os provedores de aplica\u00e7\u00e3o de internet (site e redes sociais) somente poder\u00e3o ser responsabilizados civilmente por danos decorrentes de conte\u00fado gerado por terceiros se, ap\u00f3s ordem judicial espec\u00edfica, n\u00e3o tomar as provid\u00eancias devidas. O ponto, at\u00e9 esta tarde, era considerado pol\u00eamico.<\/p>\n<p>O projeto tamb\u00e9m estabelece responsabilidades para os provedores em casos em que um usu\u00e1rio da rede publique imagens com cenas de nudez ou de atos sexuais de car\u00e1ter privado. A iniciativa tamb\u00e9m \u00e9 conhecida como &#8220;pornografia de vingan\u00e7a&#8221;. De acordo com o projeto, o provedor de aplica\u00e7\u00f5es de internet que disponibilize tal conte\u00fado ser\u00e1 responsabilizado subsidiariamente pela viola\u00e7\u00e3o da intimidade decorrente da divulga\u00e7\u00e3o das imagens, sem autoriza\u00e7\u00e3o de seus participantes, se n\u00e3o retirar o conte\u00fado do ar ap\u00f3s o recebimento de notifica\u00e7\u00e3o feita pela pessoa exposta.<\/p>\n<p>Na quest\u00e3o das guardas dos registros de acesso, os deputados definiram que os provedores de aplica\u00e7\u00e3o ter\u00e3o que manter os dados arquivados por seis meses e os provedores de conex\u00e3o por pelo menos um ano. De acordo com o projeto aprovado a autoridade policial ou o Minist\u00e9rio P\u00fablico poder\u00e1 requerer, entretanto, cautelarmente que os registros de conex\u00e3o sejam guardados por prazo superior. A responsabilidade pela manuten\u00e7\u00e3o dos dados n\u00e3o poder\u00e1 ser transferida a terceiros.<\/p>\n<p>Fonte: Estad\u00e3o<\/p>\n","protected":false},"excerpt":{"rendered":"<p>Documento \u00e9 considerado como a &#8220;Constitui\u00e7\u00e3o da Web&#8221; A C\u00e2mara dos Deputados aprovou na noite desta ter\u00e7a-feira o projeto do Marco Civil da Internet, considerado&#8230;<\/p>\n","protected":false},"author":1182,"featured_media":0,"comment_status":"closed","ping_status":"closed","sticky":false,"template":"","format":"standard","meta":{"footnotes":""},"categories":[6],"tags":[818,732,819],"class_list":["post-4484","post","type-post","status-publish","format-standard","hentry","category-noticias","tag-aprovacao","tag-camara","tag-marco-civil-da-internet"],"_links":{"self":[{"href":"https:\/\/www.sincomam.org.br\/index.php\/wp-json\/wp\/v2\/posts\/4484","targetHints":{"allow":["GET"]}}],"collection":[{"href":"https:\/\/www.sincomam.org.br\/index.php\/wp-json\/wp\/v2\/posts"}],"about":[{"href":"https:\/\/www.sincomam.org.br\/index.php\/wp-json\/wp\/v2\/types\/post"}],"author":[{"embeddable":true,"href":"https:\/\/www.sincomam.org.br\/index.php\/wp-json\/wp\/v2\/users\/1182"}],"replies":[{"embeddable":true,"href":"https:\/\/www.sincomam.org.br\/index.php\/wp-json\/wp\/v2\/comments?post=4484"}],"version-history":[{"count":1,"href":"https:\/\/www.sincomam.org.br\/index.php\/wp-json\/wp\/v2\/posts\/4484\/revisions"}],"predecessor-version":[{"id":4485,"href":"https:\/\/www.sincomam.org.br\/index.php\/wp-json\/wp\/v2\/posts\/4484\/revisions\/4485"}],"wp:attachment":[{"href":"https:\/\/www.sincomam.org.br\/index.php\/wp-json\/wp\/v2\/media?parent=4484"}],"wp:term":[{"taxonomy":"category","embeddable":true,"href":"https:\/\/www.sincomam.org.br\/index.php\/wp-json\/wp\/v2\/categories?post=4484"},{"taxonomy":"post_tag","embeddable":true,"href":"https:\/\/www.sincomam.org.br\/index.php\/wp-json\/wp\/v2\/tags?post=4484"}],"curies":[{"name":"wp","href":"https:\/\/api.w.org\/{rel}","templated":true}]}}