{"id":44839,"date":"2023-04-10T09:14:31","date_gmt":"2023-04-10T12:14:31","guid":{"rendered":"http:\/\/www.sincomam.org.br\/?p=44839"},"modified":"2023-04-10T09:14:31","modified_gmt":"2023-04-10T12:14:31","slug":"marinha-do-brasil-ibama-e-icmbio-atuam-em-conjunto-contra-pesca-ilegal-no-piaui","status":"publish","type":"post","link":"https:\/\/www.sincomam.org.br\/index.php\/marinha-do-brasil-ibama-e-icmbio-atuam-em-conjunto-contra-pesca-ilegal-no-piaui\/","title":{"rendered":"Marinha do Brasil, IBAMA e ICMBio atuam em conjunto contra pesca ilegal no Piau\u00ed"},"content":{"rendered":"<p>A Marinha do Brasil, o Instituto Brasileiro do Meio Ambiente e dos Recursos Naturais Renov\u00e1veis (IBAMA) e o Instituto Chico Mendes de Conserva\u00e7\u00e3o da Biodiversidade (ICMBio) realizaram uma opera\u00e7\u00e3o conjunta de fiscaliza\u00e7\u00e3o contra a pesca ilegal no litoral do Piau\u00ed. A a\u00e7\u00e3o contou com a participa\u00e7\u00e3o de 20 militares e resultou na apreens\u00e3o de cerca de 70 kg de pescado irregular.<\/p>\n<p>A pesca ilegal \u00e9 um problema recorrente no litoral do Brasil, prejudicando n\u00e3o s\u00f3 o meio ambiente, mas tamb\u00e9m a economia local e a seguran\u00e7a alimentar da popula\u00e7\u00e3o. A atua\u00e7\u00e3o conjunta das tr\u00eas institui\u00e7\u00f5es busca combater essa pr\u00e1tica ilegal e garantir a prote\u00e7\u00e3o das esp\u00e9cies marinhas.<\/p>\n<p class=\" aBigClassNameToAvoidCollisionInText\">Durante a opera\u00e7\u00e3o, foram realizadas abordagens a embarca\u00e7\u00f5es que estavam praticando a pesca de forma irregular, como a utiliza\u00e7\u00e3o de petrechos proibidos. O pescado apreendido foi doado para institui\u00e7\u00f5es de caridade da regi\u00e3o. A a\u00e7\u00e3o tamb\u00e9m teve como objetivo orientar os pescadores sobre a import\u00e2ncia da pesca sustent\u00e1vel e das boas pr\u00e1ticas ambientais.<\/p>\n<p>A pesca ilegal \u00e9 uma amea\u00e7a \u00e0 biodiversidade e pode causar impactos irrevers\u00edveis no ecossistema marinho. A a\u00e7\u00e3o conjunta da Marinha do Brasil, IBAMA e ICMBio demonstra a import\u00e2ncia da colabora\u00e7\u00e3o entre institui\u00e7\u00f5es na prote\u00e7\u00e3o do meio ambiente e na promo\u00e7\u00e3o de um desenvolvimento sustent\u00e1vel.<\/p>\n<p>Fonte: Defesa em Foco<\/p>\n","protected":false},"excerpt":{"rendered":"<p>A Marinha do Brasil, o Instituto Brasileiro do Meio Ambiente e dos Recursos Naturais Renov\u00e1veis (IBAMA) e o Instituto Chico Mendes de Conserva\u00e7\u00e3o da Biodiversidade&#8230;<\/p>\n","protected":false},"author":1527,"featured_media":44840,"comment_status":"closed","ping_status":"closed","sticky":false,"template":"","format":"standard","meta":{"footnotes":""},"categories":[6],"tags":[],"class_list":["post-44839","post","type-post","status-publish","format-standard","has-post-thumbnail","hentry","category-noticias"],"_links":{"self":[{"href":"https:\/\/www.sincomam.org.br\/index.php\/wp-json\/wp\/v2\/posts\/44839","targetHints":{"allow":["GET"]}}],"collection":[{"href":"https:\/\/www.sincomam.org.br\/index.php\/wp-json\/wp\/v2\/posts"}],"about":[{"href":"https:\/\/www.sincomam.org.br\/index.php\/wp-json\/wp\/v2\/types\/post"}],"author":[{"embeddable":true,"href":"https:\/\/www.sincomam.org.br\/index.php\/wp-json\/wp\/v2\/users\/1527"}],"replies":[{"embeddable":true,"href":"https:\/\/www.sincomam.org.br\/index.php\/wp-json\/wp\/v2\/comments?post=44839"}],"version-history":[{"count":1,"href":"https:\/\/www.sincomam.org.br\/index.php\/wp-json\/wp\/v2\/posts\/44839\/revisions"}],"predecessor-version":[{"id":44841,"href":"https:\/\/www.sincomam.org.br\/index.php\/wp-json\/wp\/v2\/posts\/44839\/revisions\/44841"}],"wp:featuredmedia":[{"embeddable":true,"href":"https:\/\/www.sincomam.org.br\/index.php\/wp-json\/wp\/v2\/media\/44840"}],"wp:attachment":[{"href":"https:\/\/www.sincomam.org.br\/index.php\/wp-json\/wp\/v2\/media?parent=44839"}],"wp:term":[{"taxonomy":"category","embeddable":true,"href":"https:\/\/www.sincomam.org.br\/index.php\/wp-json\/wp\/v2\/categories?post=44839"},{"taxonomy":"post_tag","embeddable":true,"href":"https:\/\/www.sincomam.org.br\/index.php\/wp-json\/wp\/v2\/tags?post=44839"}],"curies":[{"name":"wp","href":"https:\/\/api.w.org\/{rel}","templated":true}]}}