{"id":4481,"date":"2014-03-26T08:30:44","date_gmt":"2014-03-26T11:30:44","guid":{"rendered":"http:\/\/www.sincomam.org.br\/?p=4481"},"modified":"2014-03-26T08:54:03","modified_gmt":"2014-03-26T11:54:03","slug":"estacao-brasileira-na-antartica-esta-sendo-reconstruida-e-ficara-pronta-em-2016","status":"publish","type":"post","link":"https:\/\/www.sincomam.org.br\/index.php\/estacao-brasileira-na-antartica-esta-sendo-reconstruida-e-ficara-pronta-em-2016\/","title":{"rendered":"Esta\u00e7\u00e3o brasileira na Ant\u00e1rtica est\u00e1 sendo reconstru\u00edda e ficar\u00e1 pronta em 2016"},"content":{"rendered":"<p><em><b>Ap\u00f3s inc\u00eandio, pesquisadores trabalham na reconstru\u00e7\u00e3o da Esta\u00e7\u00e3o Comandante Ferraz<\/b><\/em> <b><\/b><\/p>\n<p>A reinaugura\u00e7\u00e3o da Esta\u00e7\u00e3o Ant\u00e1rtica Comandante Ferraz foi adiada para mar\u00e7o de 2016. A base brasileira no continente, destru\u00edda em um inc\u00eandio em fevereiro de 2012, tinha previs\u00e3o inicial de inaugura\u00e7\u00e3o do novo complexo em 2015. No entanto, a licita\u00e7\u00e3o para a reconstru\u00e7\u00e3o da esta\u00e7\u00e3o foi suspensa e dever\u00e1 ser retomada neste m\u00eas, segundo informa\u00e7\u00f5es da Secretaria Interministerial para os Recursos do Mar, da Marinha. A concorr\u00eancia \u00e9 estimada em R$137 milh\u00f5es.<\/p>\n<p>Apesar de ser o principal posto brasileiro, a Esta\u00e7\u00e3o Comandante Ferraz n\u00e3o \u00e9 a \u00fanica base de atua\u00e7\u00e3o no Continente Ant\u00e1rtico. Na primeira semana de outubro de 2013 foi iniciada a 32\u00aa Opera\u00e7\u00e3o Ant\u00e1rtica (Operantar 32), com a partida do Navio Polar Almirante Maximiano e do Navio de Apoio Oceanogr\u00e1fico Ary Rongel. A opera\u00e7\u00e3o se estender\u00e1 por um per\u00edodo de um ano.<\/p>\n<p>Na Operantar ser\u00e3o apoiados 24 projetos cient\u00edficos de diferentes \u00e1reas de conhecimento, selecionados pelo Minist\u00e9rio da Ci\u00eancia, Tecnologia e Inova\u00e7\u00e3o (MCTI) e pelo Conselho Nacional de Desenvolvimento Cient\u00edfico e Tecnol\u00f3gico (CNPq), envolvendo cerca de 300 pessoas, entre pesquisadores e alpinistas, distribu\u00eddos nos dois navios e nos M\u00f3dulos Ant\u00e1rticos Emergenciais (MAE). Ser\u00e3o feitas pesquisas de estudo da biodiversidade e do ecossistema, investiga\u00e7\u00f5es sobre mudan\u00e7as clim\u00e1ticas naquela regi\u00e3o e suas consequ\u00eancias para o mundo, al\u00e9m de pesquisas nas \u00e1reas de oceanografia, glaciologia e geologia.<\/p>\n<p>De acordo com a coordenadora-geral para o Mar e Ant\u00e1rtica do MCTI, Janice Trotte Duh\u00e1, o Plano de A\u00e7\u00f5es para a Ci\u00eancia Ant\u00e1rtica 2013\/2022 avaliar\u00e1 o impacto do continente diretamente na Am\u00e9rica do Sul. O plano \u00e9 dividido em cinco eixos tem\u00e1ticos que estudam temas como o impacto dos ecossistemas ant\u00e1rtico com a regi\u00e3o e as mudan\u00e7as clim\u00e1ticas e o papel da criosfera &#8211; \u00e1reas da superf\u00edcie terrestre cobertas permanentemente por gelo e neve &#8211; no sistema terrestre.<\/p>\n<p>\u201cEm cada um desses eixos tem\u00e1ticos, a gente associa a Ant\u00e1rtica com a Am\u00e9rica do Sul, que na verdade \u00e9 o grande salto qualitativo da ci\u00eancia que a gente passa a fazer. Outra \u00e1rea que a gente quer estimular bastante \u00e9 a intera\u00e7\u00e3o maior com os programas cient\u00edficos de pa\u00edses da Am\u00e9rica do Sul, voltados para o nosso lado do Atl\u00e2ntico\u201d, explica Duh\u00e1.<\/p>\n<p>A partir deste ano, 20 novos projetos com a participa\u00e7\u00e3o de pesquisadores brasileiros ser\u00e3o desenvolvidos na Ant\u00e1rtica. Ser\u00e3o destinados R$ 13,8 milh\u00f5es de fundos setoriais, somados a recursos do CNPq e a emendas da Frente Parlamentar pela Ant\u00e1rtica. O planejamento de a\u00e7\u00f5es no continente come\u00e7a com oito meses de anteced\u00eancia. Devido \u00e0s condi\u00e7\u00f5es clim\u00e1ticas, esses projetos s\u00f3 ser\u00e3o desenvolvidos no ver\u00e3o ant\u00e1rtico.<\/p>\n<p>Segundo previs\u00f5es de Janice Duh\u00e1, esses projetos j\u00e1 poder\u00e3o se beneficiar da nova Esta\u00e7\u00e3o Comandante Ferraz. \u201cImaginamos que dois ver\u00f5es ant\u00e1rticos ser\u00e3o suficientes para reerguer a esta\u00e7\u00e3o. Em mar\u00e7o de 2014, devemos ter a pedra fundamental, fruto de estudos geot\u00e9cnicos feitos l\u00e1 na Ant\u00e1rtica. Como os projetos t\u00eam prazo de tr\u00eas anos, uma parte deles j\u00e1 poder\u00e1 ser feita na Esta\u00e7\u00e3o Comandante Ferraz\u201d.<\/p>\n<p>O desafio para a pesquisa cient\u00edfica na regi\u00e3o, segundo Duh\u00e1, \u00e9 garantir o volume de recursos financeiros. \u201cA gente sabe que a log\u00edstica em regi\u00f5es remotas \u00e9 muito dif\u00edcil, cerca de 60% [dos recursos] s\u00e3o gastos com log\u00edstica para 40% de gastos com pesquisa. O grande desafio do minist\u00e9rio \u00e9 tentar prover recursos financeiros necess\u00e1rios para a gente manter e ampliar as nossas pesquisas na Ant\u00e1rtica\u201d.<\/p>\n<p>Fonte: Ag\u00eancia Brasil<\/p>\n","protected":false},"excerpt":{"rendered":"<p>Ap\u00f3s inc\u00eandio, pesquisadores trabalham na reconstru\u00e7\u00e3o da Esta\u00e7\u00e3o Comandante Ferraz A reinaugura\u00e7\u00e3o da Esta\u00e7\u00e3o Ant\u00e1rtica Comandante Ferraz foi adiada para mar\u00e7o de 2016. A base&#8230;<\/p>\n","protected":false},"author":1182,"featured_media":4482,"comment_status":"closed","ping_status":"closed","sticky":false,"template":"","format":"standard","meta":{"footnotes":""},"categories":[6],"tags":[816,815,115,817],"class_list":["post-4481","post","type-post","status-publish","format-standard","has-post-thumbnail","hentry","category-noticias","tag-comandante-ferraz","tag-estacao","tag-incendio","tag-reconstrucao"],"_links":{"self":[{"href":"https:\/\/www.sincomam.org.br\/index.php\/wp-json\/wp\/v2\/posts\/4481","targetHints":{"allow":["GET"]}}],"collection":[{"href":"https:\/\/www.sincomam.org.br\/index.php\/wp-json\/wp\/v2\/posts"}],"about":[{"href":"https:\/\/www.sincomam.org.br\/index.php\/wp-json\/wp\/v2\/types\/post"}],"author":[{"embeddable":true,"href":"https:\/\/www.sincomam.org.br\/index.php\/wp-json\/wp\/v2\/users\/1182"}],"replies":[{"embeddable":true,"href":"https:\/\/www.sincomam.org.br\/index.php\/wp-json\/wp\/v2\/comments?post=4481"}],"version-history":[{"count":1,"href":"https:\/\/www.sincomam.org.br\/index.php\/wp-json\/wp\/v2\/posts\/4481\/revisions"}],"predecessor-version":[{"id":4483,"href":"https:\/\/www.sincomam.org.br\/index.php\/wp-json\/wp\/v2\/posts\/4481\/revisions\/4483"}],"wp:featuredmedia":[{"embeddable":true,"href":"https:\/\/www.sincomam.org.br\/index.php\/wp-json\/wp\/v2\/media\/4482"}],"wp:attachment":[{"href":"https:\/\/www.sincomam.org.br\/index.php\/wp-json\/wp\/v2\/media?parent=4481"}],"wp:term":[{"taxonomy":"category","embeddable":true,"href":"https:\/\/www.sincomam.org.br\/index.php\/wp-json\/wp\/v2\/categories?post=4481"},{"taxonomy":"post_tag","embeddable":true,"href":"https:\/\/www.sincomam.org.br\/index.php\/wp-json\/wp\/v2\/tags?post=4481"}],"curies":[{"name":"wp","href":"https:\/\/api.w.org\/{rel}","templated":true}]}}