{"id":44800,"date":"2023-04-05T10:06:16","date_gmt":"2023-04-05T13:06:16","guid":{"rendered":"http:\/\/www.sincomam.org.br\/?p=44800"},"modified":"2023-04-05T10:06:16","modified_gmt":"2023-04-05T13:06:16","slug":"marinha-promove-a-primeira-mulher-negra-a-oficial-general","status":"publish","type":"post","link":"https:\/\/www.sincomam.org.br\/index.php\/marinha-promove-a-primeira-mulher-negra-a-oficial-general\/","title":{"rendered":"Marinha promove a primeira mulher negra a oficial-general"},"content":{"rendered":"<p>Maria Cec\u00edlia Barbosa da Silva Concei\u00e7\u00e3o, a primeira mulher negra a alcan\u00e7ar o posto de almirante na hist\u00f3ria da Marinha do Brasil, foi promovida em fevereiro de 2023 pelo almirantado. Sua nomea\u00e7\u00e3o foi confirmada na \u00faltima semana e ela participou da cerim\u00f4nia em que o presidente Luiz In\u00e1cio Lula da Silva cumprimentou os oficiais-generais rec\u00e9m-promovidos no Pal\u00e1cio do Planalto.<\/p>\n<div class=\"group w-full text-gray-800 dark:text-gray-100 border-b border-black\/10 dark:border-gray-900\/50 bg-gray-50 dark:bg-[#444654]\">\n<div class=\"text-base gap-4 md:gap-6 md:max-w-2xl lg:max-w-xl xl:max-w-3xl p-4 md:py-6 flex lg:px-0 m-auto\">\n<div class=\"relative flex w-[calc(100%-50px)] flex-col gap-1 md:gap-3 lg:w-[calc(100%-115px)]\">\n<div class=\"flex flex-grow flex-col gap-3\">\n<div class=\"min-h-[20px] flex flex-col items-start gap-4 whitespace-pre-wrap\">\n<div class=\"markdown prose w-full break-words dark:prose-invert light\">\n<p>Com a promo\u00e7\u00e3o, Maria Cec\u00edlia ocupar\u00e1 o cargo de diretora do Departamento de Sa\u00fade e Assist\u00eancia Social da Secretaria de Pessoal, Sa\u00fade, Desporto e Projetos Sociais do Minist\u00e9rio da Defesa. Antes dela, somente duas outras mulheres haviam alcan\u00e7ado o posto de almirante na Marinha. A m\u00e9dica Dalva Maria Carvalho Mendes foi a primeira, em 2012, e a engenheira Luciana Mascarenhas da Costa Marroni foi promovida a contra-almirante em 2018.<\/p>\n<p>Maria Cec\u00edlia disse que sua promo\u00e7\u00e3o deve ser um est\u00edmulo para que mais mulheres ingressem nas For\u00e7as Armadas, j\u00e1 que agora elas podem atingir o posto mais alto. Ela afirmou que acredita que mais almirantes mulheres surgir\u00e3o, j\u00e1 que h\u00e1 um grande n\u00famero de mulheres nos quadros da Marinha. As For\u00e7as Armadas brasileiras j\u00e1 promoveram mulheres aos cargos de oficiais-generais na \u00faltima d\u00e9cada, mas o Ex\u00e9rcito s\u00f3 permitiu que mulheres participassem de cursos preparat\u00f3rios para o generalato em 2021.<\/p>\n<p class=\" aBigClassNameToAvoidCollisionInText\">A promo\u00e7\u00e3o de Maria Cec\u00edlia ocorre em um momento em que as For\u00e7as Armadas e o presidente Lula tentam uma reaproxima\u00e7\u00e3o, ap\u00f3s um per\u00edodo conturbado em que os militares se envolveram na pol\u00edtica durante o governo de Jair Bolsonaro. O evento em que Lula cumprimentou os oficiais-generais rec\u00e9m-promovidos no Pal\u00e1cio do Planalto \u00e9 o primeiro de uma s\u00e9rie que o Ex\u00e9rcito prepara para este m\u00eas, com a expectativa de que o presidente participe de alguns deles. Lula tem dito que quer despolitizar as For\u00e7as Armadas e buscar aproxima\u00e7\u00e3o por meio do aumento no investimento dos projetos estrat\u00e9gicos de defesa.<\/p>\n<p>Fonte: Defesa em Foco<\/p>\n<\/div>\n<\/div>\n<\/div>\n<\/div>\n<\/div>\n<\/div>\n","protected":false},"excerpt":{"rendered":"<p>Maria Cec\u00edlia Barbosa da Silva Concei\u00e7\u00e3o, a primeira mulher negra a alcan\u00e7ar o posto de almirante na hist\u00f3ria da Marinha do Brasil, foi promovida em&#8230;<\/p>\n","protected":false},"author":1527,"featured_media":44801,"comment_status":"closed","ping_status":"closed","sticky":false,"template":"","format":"standard","meta":{"footnotes":""},"categories":[6],"tags":[],"class_list":["post-44800","post","type-post","status-publish","format-standard","has-post-thumbnail","hentry","category-noticias"],"_links":{"self":[{"href":"https:\/\/www.sincomam.org.br\/index.php\/wp-json\/wp\/v2\/posts\/44800","targetHints":{"allow":["GET"]}}],"collection":[{"href":"https:\/\/www.sincomam.org.br\/index.php\/wp-json\/wp\/v2\/posts"}],"about":[{"href":"https:\/\/www.sincomam.org.br\/index.php\/wp-json\/wp\/v2\/types\/post"}],"author":[{"embeddable":true,"href":"https:\/\/www.sincomam.org.br\/index.php\/wp-json\/wp\/v2\/users\/1527"}],"replies":[{"embeddable":true,"href":"https:\/\/www.sincomam.org.br\/index.php\/wp-json\/wp\/v2\/comments?post=44800"}],"version-history":[{"count":1,"href":"https:\/\/www.sincomam.org.br\/index.php\/wp-json\/wp\/v2\/posts\/44800\/revisions"}],"predecessor-version":[{"id":44802,"href":"https:\/\/www.sincomam.org.br\/index.php\/wp-json\/wp\/v2\/posts\/44800\/revisions\/44802"}],"wp:featuredmedia":[{"embeddable":true,"href":"https:\/\/www.sincomam.org.br\/index.php\/wp-json\/wp\/v2\/media\/44801"}],"wp:attachment":[{"href":"https:\/\/www.sincomam.org.br\/index.php\/wp-json\/wp\/v2\/media?parent=44800"}],"wp:term":[{"taxonomy":"category","embeddable":true,"href":"https:\/\/www.sincomam.org.br\/index.php\/wp-json\/wp\/v2\/categories?post=44800"},{"taxonomy":"post_tag","embeddable":true,"href":"https:\/\/www.sincomam.org.br\/index.php\/wp-json\/wp\/v2\/tags?post=44800"}],"curies":[{"name":"wp","href":"https:\/\/api.w.org\/{rel}","templated":true}]}}