{"id":44794,"date":"2023-04-05T10:03:24","date_gmt":"2023-04-05T13:03:24","guid":{"rendered":"http:\/\/www.sincomam.org.br\/?p=44794"},"modified":"2023-04-05T10:03:24","modified_gmt":"2023-04-05T13:03:24","slug":"agencias-reguladoras-ja-tiveram-muitas-vidas-no-brasil-avalia-dantas","status":"publish","type":"post","link":"https:\/\/www.sincomam.org.br\/index.php\/agencias-reguladoras-ja-tiveram-muitas-vidas-no-brasil-avalia-dantas\/","title":{"rendered":"\u2018Ag\u00eancias reguladoras j\u00e1 tiveram muitas vidas no Brasil\u2019, avalia Dantas"},"content":{"rendered":"<p>O presidente do Tribunal de Contas da Uni\u00e3o (TCU), ministro Bruno Dantas, disse, na \u00faltima segunda-feira (3), que as ag\u00eancias reguladoras \u2018j\u00e1 tiveram muitas vidas no Brasil\u2019. Em entrevista ao programa Roda Viva, da TV Cultura, Dantas lembrou que, ap\u00f3s a cria\u00e7\u00e3o das primeiras ag\u00eancias reguladoras no pa\u00eds, essas autarquias passaram por um momento de muito enfraquecimento e certa captura, uma parte pelos pol\u00edticos e uma parte muito importante pelo mercado.<\/p>\n<p>&#8220;Sempre vimos nas ag\u00eancias o fen\u00f4meno da porta girat\u00f3ria em que o sujeito estava numa empresa, ia para ag\u00eancia, depois ia para a empresa. \u00c9 claro que isso n\u00e3o era saud\u00e1vel para as ag\u00eancias&#8221;, analisou Dantas durante o programa, em resposta \u00e0 jornalista B\u00e1rbara Bai\u00e3o, do Jota.<\/p>\n<p>Na ocasi\u00e3o, o ministro-presidente do TCU disse que a Lei Geral das Ag\u00eancias (13.848\/2019) foi um marco importante para a reinstitucionaliza\u00e7\u00e3o das autarquias, na medida em que estabeleceu or\u00e7amento pr\u00f3prio e definiu o tempo de mandato para os diretores, criando uma regra que n\u00e3o permite que algu\u00e9m se transforme em um \u2018diretor eterno\u2019 das ag\u00eancias.<\/p>\n<p>Questionado sobre nomea\u00e7\u00f5es publicadas no final governo Bolsonaro (PL) que podem ter infringido a Lei das Estatais (13.303\/2016), Dantas disse apenas que o tema est\u00e1 em exame na Corte de Contas, por\u00e9m n\u00e3o pode comentar ou entrar em detalhes porque pode ser chamado a votar durante o julgamento do processo. Ele lembrou que o presidente do TCU s\u00f3 vota em caso de empate entre o entendimento dos ministros.<\/p>\n<p>Fonte: Portos e Navios<\/p>\n","protected":false},"excerpt":{"rendered":"<p>O presidente do Tribunal de Contas da Uni\u00e3o (TCU), ministro Bruno Dantas, disse, na \u00faltima segunda-feira (3), que as ag\u00eancias reguladoras \u2018j\u00e1 tiveram muitas vidas&#8230;<\/p>\n","protected":false},"author":1527,"featured_media":44795,"comment_status":"closed","ping_status":"closed","sticky":false,"template":"","format":"standard","meta":{"footnotes":""},"categories":[6],"tags":[],"class_list":["post-44794","post","type-post","status-publish","format-standard","has-post-thumbnail","hentry","category-noticias"],"_links":{"self":[{"href":"https:\/\/www.sincomam.org.br\/index.php\/wp-json\/wp\/v2\/posts\/44794","targetHints":{"allow":["GET"]}}],"collection":[{"href":"https:\/\/www.sincomam.org.br\/index.php\/wp-json\/wp\/v2\/posts"}],"about":[{"href":"https:\/\/www.sincomam.org.br\/index.php\/wp-json\/wp\/v2\/types\/post"}],"author":[{"embeddable":true,"href":"https:\/\/www.sincomam.org.br\/index.php\/wp-json\/wp\/v2\/users\/1527"}],"replies":[{"embeddable":true,"href":"https:\/\/www.sincomam.org.br\/index.php\/wp-json\/wp\/v2\/comments?post=44794"}],"version-history":[{"count":1,"href":"https:\/\/www.sincomam.org.br\/index.php\/wp-json\/wp\/v2\/posts\/44794\/revisions"}],"predecessor-version":[{"id":44796,"href":"https:\/\/www.sincomam.org.br\/index.php\/wp-json\/wp\/v2\/posts\/44794\/revisions\/44796"}],"wp:featuredmedia":[{"embeddable":true,"href":"https:\/\/www.sincomam.org.br\/index.php\/wp-json\/wp\/v2\/media\/44795"}],"wp:attachment":[{"href":"https:\/\/www.sincomam.org.br\/index.php\/wp-json\/wp\/v2\/media?parent=44794"}],"wp:term":[{"taxonomy":"category","embeddable":true,"href":"https:\/\/www.sincomam.org.br\/index.php\/wp-json\/wp\/v2\/categories?post=44794"},{"taxonomy":"post_tag","embeddable":true,"href":"https:\/\/www.sincomam.org.br\/index.php\/wp-json\/wp\/v2\/tags?post=44794"}],"curies":[{"name":"wp","href":"https:\/\/api.w.org\/{rel}","templated":true}]}}