{"id":44783,"date":"2023-04-06T09:26:32","date_gmt":"2023-04-06T12:26:32","guid":{"rendered":"http:\/\/www.sincomam.org.br\/?p=44783"},"modified":"2023-04-06T09:24:57","modified_gmt":"2023-04-06T12:24:57","slug":"sincomam-participa-de-debate-sobre-questoes-atuais-do-direito-maritimo","status":"publish","type":"post","link":"https:\/\/www.sincomam.org.br\/index.php\/sincomam-participa-de-debate-sobre-questoes-atuais-do-direito-maritimo\/","title":{"rendered":"SINCOMAM participa de debate sobre quest\u00f5es atuais do Direito Mar\u00edtimo"},"content":{"rendered":"<p class=\"itemTitle\"><a href=\"https:\/\/www.sincomam.org.br\/wp-content\/uploads\/2023\/04\/WhatsApp-Image-2023-04-04-at-09.32.31.jpeg\"><img fetchpriority=\"high\" decoding=\"async\" class=\"alignleft size-medium wp-image-44788\" src=\"https:\/\/www.sincomam.org.br\/wp-content\/uploads\/2023\/04\/WhatsApp-Image-2023-04-04-at-09.32.31-300x300.jpeg\" alt=\"\" width=\"300\" height=\"300\" srcset=\"https:\/\/www.sincomam.org.br\/wp-content\/uploads\/2023\/04\/WhatsApp-Image-2023-04-04-at-09.32.31-300x300.jpeg 300w, https:\/\/www.sincomam.org.br\/wp-content\/uploads\/2023\/04\/WhatsApp-Image-2023-04-04-at-09.32.31-1024x1024.jpeg 1024w, https:\/\/www.sincomam.org.br\/wp-content\/uploads\/2023\/04\/WhatsApp-Image-2023-04-04-at-09.32.31-150x150.jpeg 150w, https:\/\/www.sincomam.org.br\/wp-content\/uploads\/2023\/04\/WhatsApp-Image-2023-04-04-at-09.32.31-768x768.jpeg 768w, https:\/\/www.sincomam.org.br\/wp-content\/uploads\/2023\/04\/WhatsApp-Image-2023-04-04-at-09.32.31.jpeg 1440w\" sizes=\"(max-width: 300px) 100vw, 300px\" \/><\/a><\/p>\n<p class=\"itemTitle\">O SINCOMAM compareceu, na \u00faltima sexta-feira (31), \u00e0 reuni\u00e3o do Instituto Ibero Americano de Direito Mar\u00edtimo \u2013 Brasil (IIDM-BR), no Instituto dos Advogados Brasileiros (IAB).<\/p>\n<p class=\"itemTitle\">Durante o encontro foram debatidas quest\u00f5es atuais do Direito Mar\u00edtimo.<\/p>\n<p class=\"itemTitle\">O evento foi transmitido pelo youtube e pode ser <a href=\"https:\/\/www.youtube.com\/watch?v=9MlP3wdYrds\">conferido clicando aqui neste link<\/a>.<\/p>\n<div class=\"itemFullText\">\n<p>&nbsp;<\/p>\n<\/div>\n","protected":false},"excerpt":{"rendered":"<p>O SINCOMAM compareceu, na \u00faltima sexta-feira (31), \u00e0 reuni\u00e3o do Instituto Ibero Americano de Direito Mar\u00edtimo \u2013 Brasil (IIDM-BR), no Instituto dos Advogados Brasileiros (IAB)&#8230;.<\/p>\n","protected":false},"author":1527,"featured_media":44791,"comment_status":"closed","ping_status":"closed","sticky":false,"template":"","format":"standard","meta":{"footnotes":""},"categories":[6],"tags":[],"class_list":["post-44783","post","type-post","status-publish","format-standard","has-post-thumbnail","hentry","category-noticias"],"_links":{"self":[{"href":"https:\/\/www.sincomam.org.br\/index.php\/wp-json\/wp\/v2\/posts\/44783","targetHints":{"allow":["GET"]}}],"collection":[{"href":"https:\/\/www.sincomam.org.br\/index.php\/wp-json\/wp\/v2\/posts"}],"about":[{"href":"https:\/\/www.sincomam.org.br\/index.php\/wp-json\/wp\/v2\/types\/post"}],"author":[{"embeddable":true,"href":"https:\/\/www.sincomam.org.br\/index.php\/wp-json\/wp\/v2\/users\/1527"}],"replies":[{"embeddable":true,"href":"https:\/\/www.sincomam.org.br\/index.php\/wp-json\/wp\/v2\/comments?post=44783"}],"version-history":[{"count":5,"href":"https:\/\/www.sincomam.org.br\/index.php\/wp-json\/wp\/v2\/posts\/44783\/revisions"}],"predecessor-version":[{"id":44793,"href":"https:\/\/www.sincomam.org.br\/index.php\/wp-json\/wp\/v2\/posts\/44783\/revisions\/44793"}],"wp:featuredmedia":[{"embeddable":true,"href":"https:\/\/www.sincomam.org.br\/index.php\/wp-json\/wp\/v2\/media\/44791"}],"wp:attachment":[{"href":"https:\/\/www.sincomam.org.br\/index.php\/wp-json\/wp\/v2\/media?parent=44783"}],"wp:term":[{"taxonomy":"category","embeddable":true,"href":"https:\/\/www.sincomam.org.br\/index.php\/wp-json\/wp\/v2\/categories?post=44783"},{"taxonomy":"post_tag","embeddable":true,"href":"https:\/\/www.sincomam.org.br\/index.php\/wp-json\/wp\/v2\/tags?post=44783"}],"curies":[{"name":"wp","href":"https:\/\/api.w.org\/{rel}","templated":true}]}}