{"id":44737,"date":"2023-03-31T09:30:15","date_gmt":"2023-03-31T12:30:15","guid":{"rendered":"http:\/\/www.sincomam.org.br\/?p=44737"},"modified":"2023-03-31T09:30:15","modified_gmt":"2023-03-31T12:30:15","slug":"desemprego-sobe-a-86-no-trimestre-encerrado-em-fevereiro-diz-ibge","status":"publish","type":"post","link":"https:\/\/www.sincomam.org.br\/index.php\/desemprego-sobe-a-86-no-trimestre-encerrado-em-fevereiro-diz-ibge\/","title":{"rendered":"Desemprego sobe a 8,6% no trimestre encerrado em fevereiro, diz IBGE"},"content":{"rendered":"<p>A taxa de desemprego no Brasil subiu para 8,6% no trimestre m\u00f3vel de terminado em fevereiro, segundo a Pesquisa Nacional por Amostra de Domic\u00edlios (PNAD) Cont\u00ednua, divulgada nesta sexta-feira (31) pelo Instituto Brasileiro de Geografia e Estat\u00edstica (IBGE).<\/p>\n<p>Em rela\u00e7\u00e3o ao trimestre imediatamente anterior, entre setembro e novembro, o per\u00edodo traz aumento de 0,5 ponto percentual (8,1%) na taxa de desocupa\u00e7\u00e3o. Ainda assim, esse \u00e9 o menor resultado para o trimestre dezembro-janeiro-fevereiro desde 2015 (7,5%). No mesmo trimestre de 2022, a taxa era de 11,2%.<\/p>\n<p>Com isso, o n\u00famero absoluto de desocupados teve alta de 5,5%, chegando a 9,2 milh\u00f5es de pessoas. S\u00e3o 483 mil pessoas a mais entre o contingente de desocupados, comparado ao trimestre anterior. Comparado a 2022, o recuo \u00e9 de 23,2%, ou 2,8 milh\u00f5es de trabalhadores.<\/p>\n<p>J\u00e1 o contingente de pessoas ocupadas teve um recuo de 1,6% contra o trimestre anterior, passando para 98,1 milh\u00f5es de brasileiros. Deixaram o grupo cerca de 1,6 milh\u00e3o de pessoas. Contra o mesmo trimestre de 2022, houve crescimento de 3%.<\/p>\n<p>&#8220;Esse aumento da desocupa\u00e7\u00e3o ocorreu ap\u00f3s seis trimestres de quedas significativas seguidas, que foram muito influenciadas pela recupera\u00e7\u00e3o do trabalho no p\u00f3s-pandemia. Voltar a ter crescimento da desocupa\u00e7\u00e3o nesse per\u00edodo pode sinalizar o retorno \u00e0 sazonalidade caracter\u00edstica do mercado de trabalho&#8221;, diz Adriana Beringuy, coordenadora de Trabalho e Rendimento do IBGE.<\/p>\n<p>&#8220;Se olharmos retrospectivamente, na s\u00e9rie hist\u00f3rica da pesquisa, todos os trimestres m\u00f3veis encerrados em fevereiro s\u00e3o marcados pela expans\u00e3o da desocupa\u00e7\u00e3o, com exce\u00e7\u00e3o de 2022&#8221;, afirma.<\/p>\n<p><strong>Veja os destaques da pesquisa<\/strong><br \/>\nTaxa de desocupa\u00e7\u00e3o: 8,6%<br \/>\nPopula\u00e7\u00e3o desocupada: 9,2 milh\u00f5es de pessoas<br \/>\nPopula\u00e7\u00e3o ocupada: 98,1 milh\u00f5es<br \/>\nPopula\u00e7\u00e3o fora da for\u00e7a de trabalho: 66,8 milh\u00f5es<br \/>\nPopula\u00e7\u00e3o desalentada: 4 milh\u00f5es<br \/>\nEmpregados com carteira assinada: 36,8 milh\u00f5es<br \/>\nEmpregados sem carteira assinada: 13 milh\u00f5es<br \/>\nTrabalhadores por conta pr\u00f3pria: 25,2 milh\u00f5es<br \/>\nTrabalhadores dom\u00e9sticos: 5,8 milh\u00f5es<br \/>\nTrabalhadores informais: 38,2 milh\u00f5es<br \/>\nTaxa de informalidade: 38,9%<\/p>\n<p>Fonte: G1<\/p>\n","protected":false},"excerpt":{"rendered":"<p>A taxa de desemprego no Brasil subiu para 8,6% no trimestre m\u00f3vel de terminado em fevereiro, segundo a Pesquisa Nacional por Amostra de Domic\u00edlios (PNAD)&#8230;<\/p>\n","protected":false},"author":1527,"featured_media":44738,"comment_status":"closed","ping_status":"closed","sticky":false,"template":"","format":"standard","meta":{"footnotes":""},"categories":[6],"tags":[],"class_list":["post-44737","post","type-post","status-publish","format-standard","has-post-thumbnail","hentry","category-noticias"],"_links":{"self":[{"href":"https:\/\/www.sincomam.org.br\/index.php\/wp-json\/wp\/v2\/posts\/44737","targetHints":{"allow":["GET"]}}],"collection":[{"href":"https:\/\/www.sincomam.org.br\/index.php\/wp-json\/wp\/v2\/posts"}],"about":[{"href":"https:\/\/www.sincomam.org.br\/index.php\/wp-json\/wp\/v2\/types\/post"}],"author":[{"embeddable":true,"href":"https:\/\/www.sincomam.org.br\/index.php\/wp-json\/wp\/v2\/users\/1527"}],"replies":[{"embeddable":true,"href":"https:\/\/www.sincomam.org.br\/index.php\/wp-json\/wp\/v2\/comments?post=44737"}],"version-history":[{"count":1,"href":"https:\/\/www.sincomam.org.br\/index.php\/wp-json\/wp\/v2\/posts\/44737\/revisions"}],"predecessor-version":[{"id":44739,"href":"https:\/\/www.sincomam.org.br\/index.php\/wp-json\/wp\/v2\/posts\/44737\/revisions\/44739"}],"wp:featuredmedia":[{"embeddable":true,"href":"https:\/\/www.sincomam.org.br\/index.php\/wp-json\/wp\/v2\/media\/44738"}],"wp:attachment":[{"href":"https:\/\/www.sincomam.org.br\/index.php\/wp-json\/wp\/v2\/media?parent=44737"}],"wp:term":[{"taxonomy":"category","embeddable":true,"href":"https:\/\/www.sincomam.org.br\/index.php\/wp-json\/wp\/v2\/categories?post=44737"},{"taxonomy":"post_tag","embeddable":true,"href":"https:\/\/www.sincomam.org.br\/index.php\/wp-json\/wp\/v2\/tags?post=44737"}],"curies":[{"name":"wp","href":"https:\/\/api.w.org\/{rel}","templated":true}]}}