{"id":44730,"date":"2023-03-31T09:25:05","date_gmt":"2023-03-31T12:25:05","guid":{"rendered":"http:\/\/www.sincomam.org.br\/?p=44730"},"modified":"2023-03-31T09:25:05","modified_gmt":"2023-03-31T12:25:05","slug":"marinha-do-brasil-participa-da-the-ocean-race-2023-com-estande-e-exposicao-sobre-a-independencia","status":"publish","type":"post","link":"https:\/\/www.sincomam.org.br\/index.php\/marinha-do-brasil-participa-da-the-ocean-race-2023-com-estande-e-exposicao-sobre-a-independencia\/","title":{"rendered":"Marinha do Brasil participa da The Ocean Race 2023 com estande e exposi\u00e7\u00e3o sobre a Independ\u00eancia"},"content":{"rendered":"<p>A Marinha do Brasil (MB) marca presen\u00e7a na maior regata transoce\u00e2nica do planeta, a The Ocean Race 2023, que teve in\u00edcio nesta quarta-feira, 29 de mar\u00e7o, e segue at\u00e9 23 de abril. Com um estande especial na \u00e1rea externa do \u201cCentreventos\u201d, pr\u00f3ximo \u00e0 pista de patina\u00e7\u00e3o de gelo no Ocean Live Park, os visitantes podem conferir uma exposi\u00e7\u00e3o sobre os 200 anos da Independ\u00eancia do Brasil e conhecer as formas de ingresso na For\u00e7a. O evento, realizado na cidade de Itaja\u00ed, em Santa Catarina, tamb\u00e9m conta com a participa\u00e7\u00e3o especial do atleta e Sargento da reserva da Marinha, Andr\u00e9 Otto da Fonseca.<\/p>\n<p>O Vice-Almirante S\u00edlvio Lu\u00eds dos Santos, Comandante do 5\u00ba Distrito Naval, ressalta a relev\u00e2ncia da participa\u00e7\u00e3o da Marinha em um dos maiores eventos n\u00e1uticos do mundo. \u201cNa \u00faltima edi\u00e7\u00e3o, o evento contabilizou um p\u00fablico de 440 mil visitantes. A regata The Ocean Race \u00e9 uma oportunidade indiscut\u00edvel para expor, positivamente, a imagem da MB e realizar a\u00e7\u00f5es concretas para fomentar a mentalidade mar\u00edtima. A divulga\u00e7\u00e3o da marca da nossa For\u00e7a, em local de destaque no evento, possibilitar\u00e1 o desenvolvimento das tem\u00e1ticas escolhidas, sendo elas: o Bicenten\u00e1rio da Independ\u00eancia do Brasil, o ingresso na MB e o Poder Mar\u00edtimo Nacional. Al\u00e9m das a\u00e7\u00f5es de fiscaliza\u00e7\u00e3o do tr\u00e1fego aquavi\u00e1rio durante a regata, a MB vai realizar a exposi\u00e7\u00e3o de materiais, como maquetes do NPa-500BR, fotos da Hist\u00f3ria Naval e v\u00eddeos institucionais. Esperamos que o p\u00fablico prestigie o nosso estande na Ocean Live Park\u201d, afirma.<\/p>\n<p>A The Ocean Race, que representa o Brasil e a Am\u00e9rica Latina, j\u00e1 passou por Cabo Verde e pela \u00c1frica do Sul desde que partiu da Espanha em janeiro. A etapa brasileira, organizada pela Prefeitura Municipal de Itaja\u00ed e pela Associa\u00e7\u00e3o dos Munic\u00edpios da Foz do Rio Itaja\u00ed, conta com o apoio do Governo do Estado de Santa Catarina. O evento funciona das 14h \u00e0s 23h de segunda a sexta-feira, e das 11h \u00e0s 23h nos finais de semana e feriados.<\/p>\n<p>Fonte: Defesa em Foco<\/p>\n","protected":false},"excerpt":{"rendered":"<p>A Marinha do Brasil (MB) marca presen\u00e7a na maior regata transoce\u00e2nica do planeta, a The Ocean Race 2023, que teve in\u00edcio nesta quarta-feira, 29 de&#8230;<\/p>\n","protected":false},"author":1527,"featured_media":44731,"comment_status":"closed","ping_status":"closed","sticky":false,"template":"","format":"standard","meta":{"footnotes":""},"categories":[6],"tags":[],"class_list":["post-44730","post","type-post","status-publish","format-standard","has-post-thumbnail","hentry","category-noticias"],"_links":{"self":[{"href":"https:\/\/www.sincomam.org.br\/index.php\/wp-json\/wp\/v2\/posts\/44730","targetHints":{"allow":["GET"]}}],"collection":[{"href":"https:\/\/www.sincomam.org.br\/index.php\/wp-json\/wp\/v2\/posts"}],"about":[{"href":"https:\/\/www.sincomam.org.br\/index.php\/wp-json\/wp\/v2\/types\/post"}],"author":[{"embeddable":true,"href":"https:\/\/www.sincomam.org.br\/index.php\/wp-json\/wp\/v2\/users\/1527"}],"replies":[{"embeddable":true,"href":"https:\/\/www.sincomam.org.br\/index.php\/wp-json\/wp\/v2\/comments?post=44730"}],"version-history":[{"count":1,"href":"https:\/\/www.sincomam.org.br\/index.php\/wp-json\/wp\/v2\/posts\/44730\/revisions"}],"predecessor-version":[{"id":44732,"href":"https:\/\/www.sincomam.org.br\/index.php\/wp-json\/wp\/v2\/posts\/44730\/revisions\/44732"}],"wp:featuredmedia":[{"embeddable":true,"href":"https:\/\/www.sincomam.org.br\/index.php\/wp-json\/wp\/v2\/media\/44731"}],"wp:attachment":[{"href":"https:\/\/www.sincomam.org.br\/index.php\/wp-json\/wp\/v2\/media?parent=44730"}],"wp:term":[{"taxonomy":"category","embeddable":true,"href":"https:\/\/www.sincomam.org.br\/index.php\/wp-json\/wp\/v2\/categories?post=44730"},{"taxonomy":"post_tag","embeddable":true,"href":"https:\/\/www.sincomam.org.br\/index.php\/wp-json\/wp\/v2\/tags?post=44730"}],"curies":[{"name":"wp","href":"https:\/\/api.w.org\/{rel}","templated":true}]}}