{"id":44709,"date":"2023-03-30T10:19:04","date_gmt":"2023-03-30T13:19:04","guid":{"rendered":"http:\/\/www.sincomam.org.br\/?p=44709"},"modified":"2023-03-30T10:19:04","modified_gmt":"2023-03-30T13:19:04","slug":"niteroi-se-reune-para-discutir-o-futuro-da-economia-ligada-ao-mar","status":"publish","type":"post","link":"https:\/\/www.sincomam.org.br\/index.php\/niteroi-se-reune-para-discutir-o-futuro-da-economia-ligada-ao-mar\/","title":{"rendered":"Niter\u00f3i se re\u00fane para discutir o futuro da economia ligada ao mar"},"content":{"rendered":"<p>A Prefeitura de Niter\u00f3i reuniu, nesta quarta-feira (29), empres\u00e1rios, setor acad\u00eamico e do cluster tecnol\u00f3gico naval e de pesca para debater sobre os rumos de uma economia fortalecida atrav\u00e9s do mar. Mais de 200 pessoas participaram do Semin\u00e1rio Ecomar, organizado pela Secretaria de Desenvolvimento Econ\u00f4mico (Seden), na Sala Nelson Pereira dos Santos. O prefeito Axel Grael participou da abertura e destacou os esfor\u00e7os que o munic\u00edpio tem feito para ajudar a alavancar a economia com segmentos espec\u00edficos ligados ao mar e que poder\u00e3o gerar mais de 20 mil empregos na cidade, como a dragagem do Canal de S\u00e3o Louren\u00e7o.<\/p>\n<p>\u201cEstamos muito empenhados em ajudar a aportar recursos e incentivar os empreendimentos ligados \u00e0 economia do mar. Vamos investir cerca de R$ 140 milh\u00f5es no projeto da dragagem que seria uma obra do governo federal, mas que a Prefeitura de Niter\u00f3i se mobilizou para que ela aconte\u00e7a. Foi um longo caminho at\u00e9 aqui, com adequa\u00e7\u00e3o de projetos e licen\u00e7as ambientais, mas estamos chegando l\u00e1. Estivemos em Bras\u00edlia e nos reunimos com o ministro dos Portos e ele nos falou que \u00e9 a maior iniciativa de um munic\u00edpio neste setor. Agora estamos buscando um ambiente de coopera\u00e7\u00e3o com o estado e governo federal, para avan\u00e7armos ainda mais e fortalecer a ind\u00fastria naval e de pesca na cidade, que \u00e9 uma grande voca\u00e7\u00e3o. Ent\u00e3o discutirmos o rumo do segmento neste momento \u00e9 de extrema import\u00e2ncia\u201d, disse o prefeito Axel Grael.<\/p>\n<p>O EcoMar faz parte tamb\u00e9m das comemora\u00e7\u00f5es dos 450 anos da cidade dentro de um programa de desenvolvimento econ\u00f4mico e contar\u00e1 com a participa\u00e7\u00e3o da Federa\u00e7\u00e3o das Ind\u00fastrias do Estado do Rio de Janeiro (Firjan), Cluster Naval e Tecnol\u00f3gico Servi\u00e7o Brasileiro de Apoio \u00e0s Micro e Pequenas Empresas (Sebrae).<\/p>\n<p>\u201cEstamos trabalhando para que o resultado final seja a revitaliza\u00e7\u00e3o dos segmentos, aquecendo a economia e gerando emprego e renda. O entreposto vai trazer de volta ind\u00fastrias do Barreto. As f\u00e1bricas est\u00e3o l\u00e1, mas paradas. Com a dragagem, um novo ciclo se far\u00e1 naquela regi\u00e3o e em todo o entorno, com empregos diretos e indiretos. Esse trabalho foi duro, mas estamos chegando l\u00e1 para uma nova era no setor pesqueiro, naval portu\u00e1rio e de servi\u00e7os. \u00c9 uma vit\u00f3ria da prefeitura e dos parceiros que acreditaram e vieram conosco at\u00e9 agora\u201d, observou Luiz Paulino Moreira Leite, secret\u00e1rio de Desenvolvimento Econ\u00f4mico de Niter\u00f3i.<\/p>\n<p>Dentre outros temas foram debatidos: Import\u00e2ncia do Petr\u00f3leo e do G\u00e1s, com destaque para a Economia Azul; a hist\u00f3ria de Niter\u00f3i com a ind\u00fastria offshore; e perspectivas para a ind\u00fastria naval e offshore atrav\u00e9s de Niter\u00f3i. Os debates aconteceram com representantes de locais como o Pier Mau\u00e1, Companhia Docas, Instituto Nacional de Pesquisas Hidrovi\u00e1rias (INPH), empres\u00e1rios, representantes do Porto de Niter\u00f3i, entre outros.<\/p>\n<p>Tamb\u00e9m foi abordada a relev\u00e2ncia dos pilares que sustentam atividades nessas estruturas portu\u00e1rias, como a engenharia naval, a log\u00edstica, os servi\u00e7os de suprimentos \u00e0s navega\u00e7\u00f5es. Al\u00e9m disso, as a\u00e7\u00f5es do poder p\u00fablico para fomentar o desenvolvimento de neg\u00f3cios em Niter\u00f3i, fazendo com que seja mostrada a verdadeira voca\u00e7\u00e3o de Niter\u00f3i para o desenvolvimento da Economia do Mar.<\/p>\n<p>Participaram da mesa de abertura: Luiz C\u00e9sio Caetano Alves, vice-presidente da Firjan, Juliana Ventura (Sebrae); Walter Lucas da Silva, diretor-presidente do cluster tecnol\u00f3gico Naval do Rio, e o subsecret\u00e1rio de Secretaria de Estado de Energia e Economia do Mar, Felipe Peixoto, representando o secret\u00e1rio Hugo Leal.<\/p>\n<p>Fonte: Prefeitura de Niter\u00f3i<\/p>\n","protected":false},"excerpt":{"rendered":"<p>A Prefeitura de Niter\u00f3i reuniu, nesta quarta-feira (29), empres\u00e1rios, setor acad\u00eamico e do cluster tecnol\u00f3gico naval e de pesca para debater sobre os rumos de&#8230;<\/p>\n","protected":false},"author":1527,"featured_media":44710,"comment_status":"closed","ping_status":"closed","sticky":false,"template":"","format":"standard","meta":{"footnotes":""},"categories":[6],"tags":[],"class_list":["post-44709","post","type-post","status-publish","format-standard","has-post-thumbnail","hentry","category-noticias"],"_links":{"self":[{"href":"https:\/\/www.sincomam.org.br\/index.php\/wp-json\/wp\/v2\/posts\/44709","targetHints":{"allow":["GET"]}}],"collection":[{"href":"https:\/\/www.sincomam.org.br\/index.php\/wp-json\/wp\/v2\/posts"}],"about":[{"href":"https:\/\/www.sincomam.org.br\/index.php\/wp-json\/wp\/v2\/types\/post"}],"author":[{"embeddable":true,"href":"https:\/\/www.sincomam.org.br\/index.php\/wp-json\/wp\/v2\/users\/1527"}],"replies":[{"embeddable":true,"href":"https:\/\/www.sincomam.org.br\/index.php\/wp-json\/wp\/v2\/comments?post=44709"}],"version-history":[{"count":1,"href":"https:\/\/www.sincomam.org.br\/index.php\/wp-json\/wp\/v2\/posts\/44709\/revisions"}],"predecessor-version":[{"id":44711,"href":"https:\/\/www.sincomam.org.br\/index.php\/wp-json\/wp\/v2\/posts\/44709\/revisions\/44711"}],"wp:featuredmedia":[{"embeddable":true,"href":"https:\/\/www.sincomam.org.br\/index.php\/wp-json\/wp\/v2\/media\/44710"}],"wp:attachment":[{"href":"https:\/\/www.sincomam.org.br\/index.php\/wp-json\/wp\/v2\/media?parent=44709"}],"wp:term":[{"taxonomy":"category","embeddable":true,"href":"https:\/\/www.sincomam.org.br\/index.php\/wp-json\/wp\/v2\/categories?post=44709"},{"taxonomy":"post_tag","embeddable":true,"href":"https:\/\/www.sincomam.org.br\/index.php\/wp-json\/wp\/v2\/tags?post=44709"}],"curies":[{"name":"wp","href":"https:\/\/api.w.org\/{rel}","templated":true}]}}