{"id":44689,"date":"2023-03-29T09:57:05","date_gmt":"2023-03-29T12:57:05","guid":{"rendered":"http:\/\/www.sincomam.org.br\/?p=44689"},"modified":"2023-03-29T09:57:05","modified_gmt":"2023-03-29T12:57:05","slug":"acionistas-minoritarios-indicam-candidatos-a-conselhos-da-petrobras","status":"publish","type":"post","link":"https:\/\/www.sincomam.org.br\/index.php\/acionistas-minoritarios-indicam-candidatos-a-conselhos-da-petrobras\/","title":{"rendered":"Acionistas minorit\u00e1rios indicam candidatos a conselhos da Petrobras"},"content":{"rendered":"<p>Os acionistas minorit\u00e1rios da Petrobras indicaram seis candidatos para concorrer \u00e0s vagas nos conselhos de Administra\u00e7\u00e3o e Fiscal da estatal. A elei\u00e7\u00e3o dos oito membros do Conselho de Administra\u00e7\u00e3o e dos cinco integrantes do Conselho Fiscal ser\u00e1 realizada na Assembleia Geral Ordin\u00e1ria marcada para o dia\u00a0<span id=\"OBJ_PREFIX_DWT171_com_zimbra_date\" role=\"link\">27 de abril<\/span>.<\/p>\n<p>Para o Conselho de Administra\u00e7\u00e3o, foram indicados pelos acionistas minorit\u00e1rias ordinaristas os nomes de Jos\u00e9 Jo\u00e3o Abdalla Filho, considerado um dos maiores investidores individuais da B3 (Bolsa de S\u00e3o Paulo), e Marcelo Gasparino da Silva, gestor de fundos de a\u00e7\u00f5es.<\/p>\n<p>Para o Conselho Fiscal, os ordinaristas indicaram a advogada Michele da Silva Gonsales Torres como titular e o contabilista Aloisio Mac\u00e1rio Ferreira da Silva como suplente.<\/p>\n<p>Os acionistas minorit\u00e1rios preferencialistas indicaram para o Conselho Fiscal, por sua vez, o advogado Jo\u00e3o Vicente Machado como titular, e a especialista em marketing e planejamento estrat\u00e9gico Rochana Grossi Freire como suplente.<\/p>\n<p>De acordo com o estatuto da Petrobras, os ordinaristas t\u00eam direito a uma vaga e os preferencialistas a outra no Conselho Fiscal.<\/p>\n<p>A Uni\u00e3o, que \u00e9 acionista majorit\u00e1ria na Petrobras, j\u00e1 havia encaminhado suas indica\u00e7\u00f5es aos dois conselhos.<\/p>\n<p>Fonte: Ag\u00eancia Brasil<\/p>\n","protected":false},"excerpt":{"rendered":"<p>Os acionistas minorit\u00e1rios da Petrobras indicaram seis candidatos para concorrer \u00e0s vagas nos conselhos de Administra\u00e7\u00e3o e Fiscal da estatal. A elei\u00e7\u00e3o dos oito membros&#8230;<\/p>\n","protected":false},"author":1527,"featured_media":44690,"comment_status":"closed","ping_status":"closed","sticky":false,"template":"","format":"standard","meta":{"footnotes":""},"categories":[6],"tags":[],"class_list":["post-44689","post","type-post","status-publish","format-standard","has-post-thumbnail","hentry","category-noticias"],"_links":{"self":[{"href":"https:\/\/www.sincomam.org.br\/index.php\/wp-json\/wp\/v2\/posts\/44689","targetHints":{"allow":["GET"]}}],"collection":[{"href":"https:\/\/www.sincomam.org.br\/index.php\/wp-json\/wp\/v2\/posts"}],"about":[{"href":"https:\/\/www.sincomam.org.br\/index.php\/wp-json\/wp\/v2\/types\/post"}],"author":[{"embeddable":true,"href":"https:\/\/www.sincomam.org.br\/index.php\/wp-json\/wp\/v2\/users\/1527"}],"replies":[{"embeddable":true,"href":"https:\/\/www.sincomam.org.br\/index.php\/wp-json\/wp\/v2\/comments?post=44689"}],"version-history":[{"count":1,"href":"https:\/\/www.sincomam.org.br\/index.php\/wp-json\/wp\/v2\/posts\/44689\/revisions"}],"predecessor-version":[{"id":44691,"href":"https:\/\/www.sincomam.org.br\/index.php\/wp-json\/wp\/v2\/posts\/44689\/revisions\/44691"}],"wp:featuredmedia":[{"embeddable":true,"href":"https:\/\/www.sincomam.org.br\/index.php\/wp-json\/wp\/v2\/media\/44690"}],"wp:attachment":[{"href":"https:\/\/www.sincomam.org.br\/index.php\/wp-json\/wp\/v2\/media?parent=44689"}],"wp:term":[{"taxonomy":"category","embeddable":true,"href":"https:\/\/www.sincomam.org.br\/index.php\/wp-json\/wp\/v2\/categories?post=44689"},{"taxonomy":"post_tag","embeddable":true,"href":"https:\/\/www.sincomam.org.br\/index.php\/wp-json\/wp\/v2\/tags?post=44689"}],"curies":[{"name":"wp","href":"https:\/\/api.w.org\/{rel}","templated":true}]}}