{"id":44661,"date":"2023-03-28T09:18:30","date_gmt":"2023-03-28T12:18:30","guid":{"rendered":"http:\/\/www.sincomam.org.br\/?p=44661"},"modified":"2023-03-28T09:18:30","modified_gmt":"2023-03-28T12:18:30","slug":"novo-submarino-nuclear-brasileiro-e-desenvolvido-no-rio-e-deve-comecar-a-operar-em-2029","status":"publish","type":"post","link":"https:\/\/www.sincomam.org.br\/index.php\/novo-submarino-nuclear-brasileiro-e-desenvolvido-no-rio-e-deve-comecar-a-operar-em-2029\/","title":{"rendered":"Novo submarino nuclear brasileiro \u00e9 desenvolvido no Rio e deve come\u00e7ar a operar em 2029"},"content":{"rendered":"<p>Em 2008, o segundo mandato de Lula marcou a cria\u00e7\u00e3o do\u00a0Programa de Desenvolvimento de Submarinos\u00a0(Prosub), que envolveu transfer\u00eancia de tecnologia como parte de sua parceria com a Fran\u00e7a para a cria\u00e7\u00e3o de um submarino nuclear brasileiro.<\/p>\n<div id=\"quads-ad1\" class=\"quads-location quads-ad1\">\n<p>O plano prev\u00ea a cria\u00e7\u00e3o de quatro\u00a0submarinos tradicionais\u00a0de propuls\u00e3o diesel-el\u00e9trica que se assemelham ao projeto Scorp\u00e8ne da Fran\u00e7a.\u00a0 Al\u00e9m disso, exige a constru\u00e7\u00e3o de um submarino movido a energia nuclear.<\/p>\n<p>O submarino padr\u00e3o inaugural do Prosub, Riachuelo, foi finalmente entregue em setembro de 2022, cinco anos atr\u00e1s.\u00a0 O segundo, Humait\u00e1, est\u00e1 em fase de testes no mar e deve chegar \u00e0 posse da Marinha na segunda metade do ano em curso.\u00a0 O restante do quarteto dever\u00e1 ser entregue at\u00e9 2025.<\/p>\n<h3 id=\"h-submarino-nuclear-brasileiro-tem-previsao-de-entrega-em-2029\">Submarino nuclear brasileiro tem previs\u00e3o de entrega em 2029<\/h3>\n<p>A entrega do submarino nuclear est\u00e1 atualmente prevista para 2029, mas tamb\u00e9m \u00e9 poss\u00edvel que seja estendida para a pr\u00f3xima d\u00e9cada. Se o prazo for cumprido, o\u00a0Brasil ter\u00e1 navios\u00a0desse tipo ap\u00f3s uma longa saga de 50 anos desde o in\u00edcio do projeto.<\/p>\n<p>\u201cAtrasado, mas est\u00e1 saindo. Quero um em 2023, outro em 2024, outro em 2025? E, se parece bobo, podemos ter outro em 2026?\u201d, disse Lu Ra em coletiva de imprensa realizada na Marinha. Complexo no final. O presidente defendeu o investimento em defesa como parte do desenvolvimento econ\u00f4mico, assim como outros pa\u00edses.<\/p>\n<p>Segundo Lula, uma ind\u00fastria de defesa forte deve contribuir para uma melhor express\u00e3o das For\u00e7as Armadas, \u201cquanto mais preparadas, mais cuidados ser\u00e3o tomados com a soberania nacional, fronteiras, espa\u00e7o a\u00e9reo, florestas, recursos minerais, solo, subsuperf\u00edcie, ou seja, \u00e9 disso que o pa\u00eds precisa\u201d, observou. Com or\u00e7amento recente de 40 bilh\u00f5es de reais, o Prosub \u00e9 um dos maiores projetos de defesa do Brasil.<\/p>\n<p>Especialmente ap\u00f3s a crise de 2012, o or\u00e7amento anual destinado ao Prosub foi cortado, o que o almirante disse ser o motivo dos repetidos atrasos do programa. No ano passado, foram pagos R$ 1,4 bilh\u00e3o ao Prosub. Segundo levantamento do jornal Valor Econ\u00f4mico, os gastos com o projeto est\u00e3o previstos para este ano em R$ 1,2 bilh\u00e3o.<\/p>\n<h3 id=\"h-marinha-tinha-velho-desejo-de-ter-um-submarino-nuclear\">Marinha tinha velho desejo de ter um submarino nuclear<\/h3>\n<p>A\u00a0Marinha do Brasil\u00a0iniciou seu programa nuclear em 1979 com o objetivo de um dia construir um submarino movido a essa fonte de energia, prometendo, inclusive, a entrega no in\u00edcio da d\u00e9cada de 1990. O plano inicialmente estabeleceu dois objetivos: dominar o ciclo do combust\u00edvel nuclear, utilizando ultracentr\u00edfugas capazes de produzir ur\u00e2nio enriquecido, e construir reatores nucleares e seus sistemas de apoio. O programa n\u00e3o saiu como planejado e sofreu v\u00e1rios atrasos e interrup\u00e7\u00f5es devido \u00e0 falta de recursos, mudan\u00e7as no governo e dificuldades no desenvolvimento de tecnologia.<\/p>\n<p>Mas o ciclo de produ\u00e7\u00e3o de ur\u00e2nio enriquecido j\u00e1 est\u00e1 em andamento, o que ajuda at\u00e9 a produzir combust\u00edvel nuclear para a usina at\u00f4mica de Angra dos Reis. Entretando, depois de quatro d\u00e9cadas depois, o desenvolvimento do reator nuclear ainda n\u00e3o est\u00e1 completo.<\/p>\n<p>N\u00e3o haver\u00e1 transfer\u00eancia de\u00a0tecnologia da Fran\u00e7a\u00a0para este programa-chave de submarinos nucleares \u2013 apenas ajudar\u00e1 as partes n\u00e3o nucleares do navio, como o casco e a tecnologia para integrar o reator \u00e0 usina de propuls\u00e3o.<\/p>\n<p>Fonte: Click Petr\u00f3leo e G\u00e1s<\/p>\n<\/div>\n","protected":false},"excerpt":{"rendered":"<p>Em 2008, o segundo mandato de Lula marcou a cria\u00e7\u00e3o do\u00a0Programa de Desenvolvimento de Submarinos\u00a0(Prosub), que envolveu transfer\u00eancia de tecnologia como parte de sua parceria&#8230;<\/p>\n","protected":false},"author":1527,"featured_media":44662,"comment_status":"closed","ping_status":"closed","sticky":false,"template":"","format":"standard","meta":{"footnotes":""},"categories":[6],"tags":[],"class_list":["post-44661","post","type-post","status-publish","format-standard","has-post-thumbnail","hentry","category-noticias"],"_links":{"self":[{"href":"https:\/\/www.sincomam.org.br\/index.php\/wp-json\/wp\/v2\/posts\/44661","targetHints":{"allow":["GET"]}}],"collection":[{"href":"https:\/\/www.sincomam.org.br\/index.php\/wp-json\/wp\/v2\/posts"}],"about":[{"href":"https:\/\/www.sincomam.org.br\/index.php\/wp-json\/wp\/v2\/types\/post"}],"author":[{"embeddable":true,"href":"https:\/\/www.sincomam.org.br\/index.php\/wp-json\/wp\/v2\/users\/1527"}],"replies":[{"embeddable":true,"href":"https:\/\/www.sincomam.org.br\/index.php\/wp-json\/wp\/v2\/comments?post=44661"}],"version-history":[{"count":1,"href":"https:\/\/www.sincomam.org.br\/index.php\/wp-json\/wp\/v2\/posts\/44661\/revisions"}],"predecessor-version":[{"id":44663,"href":"https:\/\/www.sincomam.org.br\/index.php\/wp-json\/wp\/v2\/posts\/44661\/revisions\/44663"}],"wp:featuredmedia":[{"embeddable":true,"href":"https:\/\/www.sincomam.org.br\/index.php\/wp-json\/wp\/v2\/media\/44662"}],"wp:attachment":[{"href":"https:\/\/www.sincomam.org.br\/index.php\/wp-json\/wp\/v2\/media?parent=44661"}],"wp:term":[{"taxonomy":"category","embeddable":true,"href":"https:\/\/www.sincomam.org.br\/index.php\/wp-json\/wp\/v2\/categories?post=44661"},{"taxonomy":"post_tag","embeddable":true,"href":"https:\/\/www.sincomam.org.br\/index.php\/wp-json\/wp\/v2\/tags?post=44661"}],"curies":[{"name":"wp","href":"https:\/\/api.w.org\/{rel}","templated":true}]}}