{"id":4466,"date":"2014-03-25T09:20:17","date_gmt":"2014-03-25T12:20:17","guid":{"rendered":"http:\/\/www.sincomam.org.br\/?p=4466"},"modified":"2014-03-25T11:16:22","modified_gmt":"2014-03-25T14:16:22","slug":"capturado-comandante-da-marinha-ucraniana-na-crimeia","status":"publish","type":"post","link":"https:\/\/www.sincomam.org.br\/index.php\/capturado-comandante-da-marinha-ucraniana-na-crimeia\/","title":{"rendered":"Capturado comandante da Marinha ucraniana na Crimeia"},"content":{"rendered":"<p>As for\u00e7as pr\u00f3-russas da Crimeia que hoje tomaram a base naval ucraniana em Sebastopol juntamente com representantes das for\u00e7as russas anunciaram ter &#8220;levado&#8221; o comandante da Marinha da Ucr\u00e2nia, o contra-almirante Sergi Gaiduk.<\/p>\n<p>&#8220;Ele estava bloqueado e n\u00e3o tinha para onde ir. Foi obrigado a sair e levado&#8221;, disse Igor Ieskin, um representante das for\u00e7as russas no local, citado pela ag\u00eancia France Presse.<\/p>\n<p>Cerca de 200 membros de mil\u00edcias pr\u00f3-russas da Crimeia ocuparam a base hoje de manh\u00e3 e hastearam a bandeira da R\u00fassia. A a\u00e7\u00e3o n\u00e3o envolveu viol\u00eancia.<\/p>\n<p>Meios locais noticiaram que centenas de civis acorreram ao local e propuseram aos militares ucranianos que se rendessem ou abandonassem a base, a cidade de Sebastopol e a Crimeia.<\/p>\n<p>Segundo ag\u00eancias internacionais, os militares ucranianos da base abandonaram depois o local em pequenos grupos, acompanhados por supostos milicianos.<\/p>\n<p>O comandante da Frota russa do Mar Negro, almirante Aleksandr Vitko, deslocou-se \u00e0 base para negociar com o Gaiduk, mas abandonou entretanto o local, segundo a ag\u00eancia EFE.<\/p>\n<p>O Governo de Kiev anunciou o envio \u00e0 Crimeia do ministro da Defesa, Igor Teniuk, e do primeiro vice-primeiro-ministro, Vitali Iarema, para tentar baixar a tens\u00e3o entre for\u00e7as russas e ucranianas naquela pen\u00ednsula do sul do pa\u00eds, anexada pela R\u00fassia na ter\u00e7a-feira.<\/p>\n<p>O primeiro-ministro do governo local, Serguei Axionov, afirmou todavia que os dois governantes n\u00e3o ser\u00e3o autorizados a entrar na Crimeia.<b><\/b><\/p>\n<p>Fonte: RTP<\/p>\n","protected":false},"excerpt":{"rendered":"<p>As for\u00e7as pr\u00f3-russas da Crimeia que hoje tomaram a base naval ucraniana em Sebastopol juntamente com representantes das for\u00e7as russas anunciaram ter &#8220;levado&#8221; o comandante&#8230;<\/p>\n","protected":false},"author":1182,"featured_media":3317,"comment_status":"closed","ping_status":"closed","sticky":false,"template":"","format":"standard","meta":{"footnotes":""},"categories":[6],"tags":[],"class_list":["post-4466","post","type-post","status-publish","format-standard","has-post-thumbnail","hentry","category-noticias"],"_links":{"self":[{"href":"https:\/\/www.sincomam.org.br\/index.php\/wp-json\/wp\/v2\/posts\/4466","targetHints":{"allow":["GET"]}}],"collection":[{"href":"https:\/\/www.sincomam.org.br\/index.php\/wp-json\/wp\/v2\/posts"}],"about":[{"href":"https:\/\/www.sincomam.org.br\/index.php\/wp-json\/wp\/v2\/types\/post"}],"author":[{"embeddable":true,"href":"https:\/\/www.sincomam.org.br\/index.php\/wp-json\/wp\/v2\/users\/1182"}],"replies":[{"embeddable":true,"href":"https:\/\/www.sincomam.org.br\/index.php\/wp-json\/wp\/v2\/comments?post=4466"}],"version-history":[{"count":1,"href":"https:\/\/www.sincomam.org.br\/index.php\/wp-json\/wp\/v2\/posts\/4466\/revisions"}],"predecessor-version":[{"id":4467,"href":"https:\/\/www.sincomam.org.br\/index.php\/wp-json\/wp\/v2\/posts\/4466\/revisions\/4467"}],"wp:featuredmedia":[{"embeddable":true,"href":"https:\/\/www.sincomam.org.br\/index.php\/wp-json\/wp\/v2\/media\/3317"}],"wp:attachment":[{"href":"https:\/\/www.sincomam.org.br\/index.php\/wp-json\/wp\/v2\/media?parent=4466"}],"wp:term":[{"taxonomy":"category","embeddable":true,"href":"https:\/\/www.sincomam.org.br\/index.php\/wp-json\/wp\/v2\/categories?post=4466"},{"taxonomy":"post_tag","embeddable":true,"href":"https:\/\/www.sincomam.org.br\/index.php\/wp-json\/wp\/v2\/tags?post=4466"}],"curies":[{"name":"wp","href":"https:\/\/api.w.org\/{rel}","templated":true}]}}