{"id":44635,"date":"2023-03-27T09:28:51","date_gmt":"2023-03-27T12:28:51","guid":{"rendered":"http:\/\/www.sincomam.org.br\/?p=44635"},"modified":"2023-03-27T09:28:51","modified_gmt":"2023-03-27T12:28:51","slug":"tst-muda-entendimento-sobre-pagamento-de-horas-extras","status":"publish","type":"post","link":"https:\/\/www.sincomam.org.br\/index.php\/tst-muda-entendimento-sobre-pagamento-de-horas-extras\/","title":{"rendered":"TST muda entendimento sobre pagamento de horas extras"},"content":{"rendered":"<p>O Tribunal Superior do Trabalho (TST) decidiu que as horas extras feitas pelo trabalhador tamb\u00e9m devem entrar no c\u00e1lculo de benef\u00edcios, como f\u00e9rias, 13\u00ba sal\u00e1rio, aviso pr\u00e9vio e FGTS. O novo c\u00e1lculo vale nos casos em que a hora extra foi incorporada ao descanso semanal remunerado. A regra come\u00e7ou a valer no dia 20 de mar\u00e7o deste m\u00eas.<img decoding=\"async\" src=\"https:\/\/agenciabrasil.ebc.com.br\/ebc.png?id=1518685&amp;o=node\" \/><img decoding=\"async\" src=\"https:\/\/agenciabrasil.ebc.com.br\/ebc.gif?id=1518685&amp;o=node\" \/><\/p>\n<p>A quest\u00e3o foi decidida pelos ministros do TST. Conforme o novo entendimento do plen\u00e1rio, o aumento dos valores a receber pelo descanso remunerado deve repercutir nos outros direitos trabalhistas e n\u00e3o pode ser considerado como c\u00e1lculo duplicado.<\/p>\n<p>Durante o julgamento, o relator do processo, ministro Amaury Rodrigues, explicou que a hora extra trabalhada durante a semana \u00e9 somada ao c\u00e1lculo do descanso semanal e, a partir de agora, ser\u00e1 computada em outros direitos.<\/p>\n<p>\u201cO c\u00e1lculo das horas extras \u00e9 elaborado mediante a utiliza\u00e7\u00e3o de um divisor que isola o valor do sal\u00e1rio-hora, excluindo de sua g\u00eanese qualquer influ\u00eancia do repouso semanal remunerado pelo sal\u00e1rio mensal, de modo que est\u00e3o aritmeticamente separados os valores das horas extras e das diferen\u00e7as de RSR [ Repouso Semanal Remunerado] apuradas em decorr\u00eancia dos reflexos daquelas horas extras\u201d, disse.<\/p>\n<p>Com a decis\u00e3o, o TST alterou que Orienta\u00e7\u00e3o Jurisprudencial (OJ) 394 para garantir que a decis\u00e3o vai ser seguida pelas demais inst\u00e2ncias da Justi\u00e7a Trabalhista.<\/p>\n<p>Fonte: Ag\u00eancia Brasil<\/p>\n","protected":false},"excerpt":{"rendered":"<p>O Tribunal Superior do Trabalho (TST) decidiu que as horas extras feitas pelo trabalhador tamb\u00e9m devem entrar no c\u00e1lculo de benef\u00edcios, como f\u00e9rias, 13\u00ba sal\u00e1rio,&#8230;<\/p>\n","protected":false},"author":1527,"featured_media":44636,"comment_status":"closed","ping_status":"closed","sticky":false,"template":"","format":"standard","meta":{"footnotes":""},"categories":[6],"tags":[],"class_list":["post-44635","post","type-post","status-publish","format-standard","has-post-thumbnail","hentry","category-noticias"],"_links":{"self":[{"href":"https:\/\/www.sincomam.org.br\/index.php\/wp-json\/wp\/v2\/posts\/44635","targetHints":{"allow":["GET"]}}],"collection":[{"href":"https:\/\/www.sincomam.org.br\/index.php\/wp-json\/wp\/v2\/posts"}],"about":[{"href":"https:\/\/www.sincomam.org.br\/index.php\/wp-json\/wp\/v2\/types\/post"}],"author":[{"embeddable":true,"href":"https:\/\/www.sincomam.org.br\/index.php\/wp-json\/wp\/v2\/users\/1527"}],"replies":[{"embeddable":true,"href":"https:\/\/www.sincomam.org.br\/index.php\/wp-json\/wp\/v2\/comments?post=44635"}],"version-history":[{"count":1,"href":"https:\/\/www.sincomam.org.br\/index.php\/wp-json\/wp\/v2\/posts\/44635\/revisions"}],"predecessor-version":[{"id":44637,"href":"https:\/\/www.sincomam.org.br\/index.php\/wp-json\/wp\/v2\/posts\/44635\/revisions\/44637"}],"wp:featuredmedia":[{"embeddable":true,"href":"https:\/\/www.sincomam.org.br\/index.php\/wp-json\/wp\/v2\/media\/44636"}],"wp:attachment":[{"href":"https:\/\/www.sincomam.org.br\/index.php\/wp-json\/wp\/v2\/media?parent=44635"}],"wp:term":[{"taxonomy":"category","embeddable":true,"href":"https:\/\/www.sincomam.org.br\/index.php\/wp-json\/wp\/v2\/categories?post=44635"},{"taxonomy":"post_tag","embeddable":true,"href":"https:\/\/www.sincomam.org.br\/index.php\/wp-json\/wp\/v2\/tags?post=44635"}],"curies":[{"name":"wp","href":"https:\/\/api.w.org\/{rel}","templated":true}]}}