{"id":44622,"date":"2023-03-24T09:49:24","date_gmt":"2023-03-24T12:49:24","guid":{"rendered":"http:\/\/www.sincomam.org.br\/?p=44622"},"modified":"2023-03-24T09:49:24","modified_gmt":"2023-03-24T12:49:24","slug":"presidente-da-petrobras-diz-que-pode-reduzir-preco-da-gasolina","status":"publish","type":"post","link":"https:\/\/www.sincomam.org.br\/index.php\/presidente-da-petrobras-diz-que-pode-reduzir-preco-da-gasolina\/","title":{"rendered":"Presidente da Petrobras diz que pode reduzir pre\u00e7o da gasolina"},"content":{"rendered":"<p>Um dia ap\u00f3s a Petrobras anunciar a redu\u00e7\u00e3o do pre\u00e7o do diesel, o presidente da companhia, Jean Paul Prates, disse, nesta quinta-feira (23), no Rio de Janeiro, que a estatal pode diminuir o pre\u00e7o da gasolina. \u201cSempre que a gente puder vender mais barato para o consumidor brasileiro, a gente vai faz\u00ea-lo\u201d, afirmou ao ser perguntado se a empresa deve baixar o pre\u00e7o da gasolina este m\u00eas.<img decoding=\"async\" src=\"https:\/\/agenciabrasil.ebc.com.br\/ebc.png?id=1518282&amp;o=node\" \/><img decoding=\"async\" src=\"https:\/\/agenciabrasil.ebc.com.br\/ebc.gif?id=1518282&amp;o=node\" \/><\/p>\n<p>Ap\u00f3s participar do lan\u00e7amento do \u201cCaderno FGV [Funda\u00e7\u00e3o Get\u00falio Vargas] Energia de G\u00e1s Natural&#8221;, Prates destacou que a empresa adota o Pre\u00e7o de Paridade de Importa\u00e7\u00e3o (PPI) como uma refer\u00eancia e n\u00e3o como um \u201cdogma\u201d.<\/p>\n<p>\u201cN\u00e3o aceito o dogma do PPI. Aceito a refer\u00eancia internacional. Trabalhamos com a refer\u00eancia internacional com o pre\u00e7o de mercado de acordo com o nosso cliente. [A] cliente bom voc\u00ea d\u00e1 desconto. \u00c9 a pol\u00edtica de empresa\u201d, explicou.<\/p>\n<h2>Refer\u00eancia internacional<\/h2>\n<p>Acrescentou que o melhor pre\u00e7o para a empresa \u00e9 o pre\u00e7o pr\u00f3ximo da refer\u00eancia internacional. \u201cN\u00e3o quer dizer que eu tenho que andar exatamente em cima da linha do pre\u00e7o do importador. \u00c9 bem diferente. N\u00e3o quer dizer que eu v\u00e1 me afastar, me isolar e virar uma bolha no mundo. Temos que seguir a refer\u00eancia internacional. Se l\u00e1 fora o pre\u00e7o do petr\u00f3leo diminuiu e reduziu em insumos para refinarias, eu tenho que corresponder para o consumidor final. Mas eu n\u00e3o preciso estar necessariamente amarrado ao pre\u00e7o do importador, que \u00e9 meu principal concorrente. Paridade de importa\u00e7\u00e3o n\u00e3o \u00e9 o pre\u00e7o que a Petrobras deve praticar\u201d.<\/p>\n<p>Durante o evento, o presidente da Petrobras ressaltou que a companhia vai investir na infraestrutura para transporte, escoamento e distribui\u00e7\u00e3o do g\u00e1s natural, que ele apontou como entraves para o mercado do g\u00e1s.<\/p>\n<p>Fonte: Ag\u00eancia Brasil<\/p>\n","protected":false},"excerpt":{"rendered":"<p>Um dia ap\u00f3s a Petrobras anunciar a redu\u00e7\u00e3o do pre\u00e7o do diesel, o presidente da companhia, Jean Paul Prates, disse, nesta quinta-feira (23), no Rio&#8230;<\/p>\n","protected":false},"author":1527,"featured_media":44623,"comment_status":"closed","ping_status":"closed","sticky":false,"template":"","format":"standard","meta":{"footnotes":""},"categories":[6],"tags":[],"class_list":["post-44622","post","type-post","status-publish","format-standard","has-post-thumbnail","hentry","category-noticias"],"_links":{"self":[{"href":"https:\/\/www.sincomam.org.br\/index.php\/wp-json\/wp\/v2\/posts\/44622","targetHints":{"allow":["GET"]}}],"collection":[{"href":"https:\/\/www.sincomam.org.br\/index.php\/wp-json\/wp\/v2\/posts"}],"about":[{"href":"https:\/\/www.sincomam.org.br\/index.php\/wp-json\/wp\/v2\/types\/post"}],"author":[{"embeddable":true,"href":"https:\/\/www.sincomam.org.br\/index.php\/wp-json\/wp\/v2\/users\/1527"}],"replies":[{"embeddable":true,"href":"https:\/\/www.sincomam.org.br\/index.php\/wp-json\/wp\/v2\/comments?post=44622"}],"version-history":[{"count":1,"href":"https:\/\/www.sincomam.org.br\/index.php\/wp-json\/wp\/v2\/posts\/44622\/revisions"}],"predecessor-version":[{"id":44624,"href":"https:\/\/www.sincomam.org.br\/index.php\/wp-json\/wp\/v2\/posts\/44622\/revisions\/44624"}],"wp:featuredmedia":[{"embeddable":true,"href":"https:\/\/www.sincomam.org.br\/index.php\/wp-json\/wp\/v2\/media\/44623"}],"wp:attachment":[{"href":"https:\/\/www.sincomam.org.br\/index.php\/wp-json\/wp\/v2\/media?parent=44622"}],"wp:term":[{"taxonomy":"category","embeddable":true,"href":"https:\/\/www.sincomam.org.br\/index.php\/wp-json\/wp\/v2\/categories?post=44622"},{"taxonomy":"post_tag","embeddable":true,"href":"https:\/\/www.sincomam.org.br\/index.php\/wp-json\/wp\/v2\/tags?post=44622"}],"curies":[{"name":"wp","href":"https:\/\/api.w.org\/{rel}","templated":true}]}}